{"id":179733,"date":"2020-07-20T16:45:59","date_gmt":"2020-07-20T19:45:59","guid":{"rendered":"https:\/\/www.caririemacao.com\/1\/?p=179733"},"modified":"2020-07-20T16:45:59","modified_gmt":"2020-07-20T19:45:59","slug":"nuvem-de-gafanhotos-na-argentina-avanca-10-km-e-se-aproxima-de-barra-do-quarai","status":"publish","type":"post","link":"https:\/\/www.caririemacao.com\/1\/2020\/07\/20\/nuvem-de-gafanhotos-na-argentina-avanca-10-km-e-se-aproxima-de-barra-do-quarai\/","title":{"rendered":"Nuvem de gafanhotos na Argentina avan\u00e7a 10 km e se aproxima de Barra do Quara\u00ed"},"content":{"rendered":"\n<p>A nuvem de gafanhotos que percorre a Argentina e se aproxima da fronteira brasileira est\u00e1 a 112 km da cidade de Barra do Quara\u00ed, na Fronteira Oeste do Rio Grande do Sul, segundo a Secretaria Estadual da Agricultura, Pecu\u00e1ria e Desenvolvimento Rural (SEAPDR) nesta segunda-feira (20).<\/p>\n\n\n\n<p>Os insetos percorreram cerca de\u00a010 km em rela\u00e7\u00e3o a medi\u00e7\u00e3o informada no domingo (19). Conforme a secretaria, as temperaturas acima de 25\u00baC favorecem a aproxima\u00e7\u00e3o da nuvem, que tem mais de 400 milh\u00f5es de gafanhotos, e ocupa \u00e1rea estimada em 10 km por 3 km, conforme o fiscal estadual agropecu\u00e1rio Juliano Ritter, da Inspetoria de Defesa Agropecu\u00e1ria de Itaqui.<\/p>\n\n\n\n<p>Em rela\u00e7\u00e3o ao Uruguai, a nuvem est\u00e1 a 80 km. Como lembra Juliano, al\u00e9m da temperatura, a velocidade dos ventos tamb\u00e9m influencia na trajet\u00f3ria da nuvem. Por isso, n\u00e3o \u00e9 poss\u00edvel prever se os insetos v\u00e3o chegar ao estado, e se sim, em qual data, explica o fiscal.<\/p>\n\n\n\n<h2 class=\"wp-block-heading\">Busca por alimento<\/h2>\n\n\n\n<p>Conforme o entomologista da Unicruz, Mauricio Paulo Batistella Pasini, a preocupa\u00e7\u00e3o com a chegada dos animais aumentou.<\/p>\n\n\n\n<p>&#8220;Como aumentou a temperatura aqui no RS, na semana passada, a gente estava com temperaturas abaixo de 10 graus, ontem [domingo] e hoje [segunda], a gente tem temperaturas acima de 25. \u00c9 normal que os insetos comecem a se movimentar, a buscar novas fontes de alimento&#8221;, afirma.<\/p>\n\n\n\n<p>A nuvem se originou no Paraguai,\u00a0no fim de maio.\u00a0Depois, os insetos voaram para a Argentina. Nos dois pa\u00edses, provocaram preju\u00edzos ao destru\u00edrem planta\u00e7\u00f5es.<\/p>\n\n\n\n<p>A possibilidade de chegada ao Brasil levou o Minist\u00e9rio da Agricultura a\u00a0decretar situa\u00e7\u00e3o de emerg\u00eancia fitossanit\u00e1ria, que permite o uso de inseticidas at\u00e9 ent\u00e3o proibidos no pa\u00eds.<\/p>\n\n\n\n<p>A secretaria estadual acompanha o deslocamento dos insetos e afirma ter um plano pronto para entrar em a\u00e7\u00e3o caso os gafanhotos cheguem \u00e0s lavouras do estado. Esse combate deve contar com a aplica\u00e7\u00e3o de veneno por avi\u00f5es agr\u00edcolas, conforme o diretor do Departamento de Defesa Vegetal da pasta, Ricardo Felicetti.<\/p>\n\n\n\n<p>&#8220;N\u00f3s aqui no estado mantemos a vigil\u00e2ncia e o trabalho de monitoramento e estamos com um plano operacional pronto e j\u00e1 executado na fase de vigil\u00e2ncia&#8221;, afirma.<\/p>\n\n\n\n<p>Na Argentina, t\u00e9cnicos do Servi\u00e7o de Qualidade Agroalimentar tem feito a aplica\u00e7\u00e3o de veneno com avi\u00f5es e tamb\u00e9m por terra. Mas os resultados n\u00e3o t\u00eam sido satisfat\u00f3rios. A Empresa de Assist\u00eancia T\u00e9cnica e Extens\u00e3o Rural do RS (Emater), orientou os agricultores da fronteira a monitorarem as lavouras e a poss\u00edvel chegada dos insetos nas propriedades.<\/p>\n\n\n\n<h2 class=\"wp-block-heading\">Grupo da UFPel faz simula\u00e7\u00e3o<\/h2>\n\n\n\n<p>O Grupo de Dispers\u00e3o de Poluentes &amp; Engenharia Nuclear (GDISPEN) da Universidade Federal de Pelotas (UFPel) vem analisando a trajet\u00f3ria da nuvem de gafanhotos pela Argentina, e realizou simula\u00e7\u00f5es de percursos poss\u00edveis para os insetos.<\/p>\n\n\n\n<p>&#8220;Simulou-se um trajeto de at\u00e9 150 km de dist\u00e2ncia do ponto de partida, sabendo que este valor \u00e9 o maior registrado para deslocamento da nuvem de gafanhotos, ou seja, a nuvem pode parar nos pontos intermedi\u00e1rios do percurso&#8221;, informa o grupo, em texto em seu\u00a0site.<\/p>\n\n\n\n<p>Utilizando dados como a velocidade de ventos prevista para a regi\u00e3o, o grupo estimou o percurso dos insetos caso ele se movam em 40 km por dia, 80 km por dia e 150 km por dia.<\/p>\n\n\n\n<ul class=\"wp-block-list\"><li>Previs\u00e3o para 40 km por dia: se esta previs\u00e3o se confirmar, na quarta-feira 22\/7, estima-se que a nuvem poder\u00e1 atingir a prov\u00edncia de Entre R\u00edos na Argentina, fronteira com o Uruguai, pr\u00f3ximo a Conc\u00f3rdia na Rota 14, em torno de 140 km da cidade de Barra do Quara\u00ed no RS.<\/li><li>Previs\u00e3o para 80 km por dia: estima-se que a nuvem poder\u00e1 atingir a regi\u00e3o pr\u00f3xima a cidade de El Eucaliptus no Uruguai, em Passo de Los Carros na Rota 26, aproximadamente 200 km da cidade de Barra do Quara\u00ed no RS e aproximadamente 240 km da cidade de Rivera (Uruguai), divisa com o RS, tamb\u00e9m na quarta-feira (20).<\/li><li>Previs\u00e3o para 150 km por dia: estima-se que a nuvem poder\u00e1 atingir a regi\u00e3o pr\u00f3xima a cidade de Villa del Carmem no Uruguai, prov\u00edncia de Durazno. A regi\u00e3o fica a aproximadamente 270 km das cidades ga\u00fachas de Acegu\u00e1 e Jaguar\u00e3o.<\/li><\/ul>\n\n\n\n<figure class=\"wp-block-image\"><img decoding=\"async\" data-src=\"https:\/\/s2.glbimg.com\/QctlOiJdcyPbqGSU0eocTKe15bE=\/0x0:1018x829\/984x0\/smart\/filters:strip_icc()\/i.s3.glbimg.com\/v1\/AUTH_59edd422c0c84a879bd37670ae4f538a\/internal_photos\/bs\/2020\/V\/3\/BB5kbgTfC7cK66DjMAAQ\/trajeto-completo-previsao-20-22-07-1-.png\" alt=\"Grupo tra\u00e7ou estimativas de trajetos, de acordo com a velocidade da nuvem: a 40, 80 e 150 km por dia  \u2014 Foto: Divulga\u00e7\u00e3o\/GDISPEN\" src=\"data:image\/svg+xml;base64,PHN2ZyB3aWR0aD0iMSIgaGVpZ2h0PSIxIiB4bWxucz0iaHR0cDovL3d3dy53My5vcmcvMjAwMC9zdmciPjwvc3ZnPg==\" class=\"lazyload\" \/><\/figure>\n\n\n\n<p>Grupo tra\u00e7ou estimativas de trajetos, de acordo com a velocidade da nuvem: a 40, 80 e 150 km por dia \u2014 Foto: Divulga\u00e7\u00e3o\/GDISPEN<\/p>\n\n\n\n<p>com G1 PB<\/p>\n","protected":false},"excerpt":{"rendered":"<p>A nuvem de gafanhotos que percorre a Argentina e se aproxima da fronteira brasileira est\u00e1 a 112 km da cidade de Barra do Quara\u00ed, na&hellip; <\/p>\n","protected":false},"author":1,"featured_media":179734,"comment_status":"closed","ping_status":"closed","sticky":false,"template":"","format":"standard","meta":{"sfsi_plus_gutenberg_text_before_share":"","sfsi_plus_gutenberg_show_text_before_share":"","sfsi_plus_gutenberg_icon_type":"","sfsi_plus_gutenberg_icon_alignemt":"","sfsi_plus_gutenburg_max_per_row":"","footnotes":""},"categories":[2],"tags":[],"class_list":["post-179733","post","type-post","status-publish","format-standard","has-post-thumbnail","hentry","category-geral"],"_links":{"self":[{"href":"https:\/\/www.caririemacao.com\/1\/wp-json\/wp\/v2\/posts\/179733","targetHints":{"allow":["GET"]}}],"collection":[{"href":"https:\/\/www.caririemacao.com\/1\/wp-json\/wp\/v2\/posts"}],"about":[{"href":"https:\/\/www.caririemacao.com\/1\/wp-json\/wp\/v2\/types\/post"}],"author":[{"embeddable":true,"href":"https:\/\/www.caririemacao.com\/1\/wp-json\/wp\/v2\/users\/1"}],"replies":[{"embeddable":true,"href":"https:\/\/www.caririemacao.com\/1\/wp-json\/wp\/v2\/comments?post=179733"}],"version-history":[{"count":1,"href":"https:\/\/www.caririemacao.com\/1\/wp-json\/wp\/v2\/posts\/179733\/revisions"}],"predecessor-version":[{"id":179735,"href":"https:\/\/www.caririemacao.com\/1\/wp-json\/wp\/v2\/posts\/179733\/revisions\/179735"}],"wp:featuredmedia":[{"embeddable":true,"href":"https:\/\/www.caririemacao.com\/1\/wp-json\/wp\/v2\/media\/179734"}],"wp:attachment":[{"href":"https:\/\/www.caririemacao.com\/1\/wp-json\/wp\/v2\/media?parent=179733"}],"wp:term":[{"taxonomy":"category","embeddable":true,"href":"https:\/\/www.caririemacao.com\/1\/wp-json\/wp\/v2\/categories?post=179733"},{"taxonomy":"post_tag","embeddable":true,"href":"https:\/\/www.caririemacao.com\/1\/wp-json\/wp\/v2\/tags?post=179733"}],"curies":[{"name":"wp","href":"https:\/\/api.w.org\/{rel}","templated":true}]}}