{"id":179736,"date":"2020-07-20T16:59:51","date_gmt":"2020-07-20T19:59:51","guid":{"rendered":"https:\/\/www.caririemacao.com\/1\/?p=179736"},"modified":"2020-07-20T16:59:51","modified_gmt":"2020-07-20T19:59:51","slug":"em-depoimento-flavio-bolsonaro-nega-ter-tomado-conhecimento-previo-de-operacao-da-pf","status":"publish","type":"post","link":"https:\/\/www.caririemacao.com\/1\/2020\/07\/20\/em-depoimento-flavio-bolsonaro-nega-ter-tomado-conhecimento-previo-de-operacao-da-pf\/","title":{"rendered":"Em depoimento, Fl\u00e1vio Bolsonaro nega ter tomado conhecimento pr\u00e9vio de opera\u00e7\u00e3o da PF"},"content":{"rendered":"\n<p>O senador\u00a0Fl\u00e1vio Bolsonaro\u00a0(Republicanos-RJ) negou nesta segunda-feira (20), em depoimento ao procurador da Rep\u00fablica Eduardo Benones, ter tomado conhecimento pr\u00e9vio da deflagra\u00e7\u00e3o em 2018 da\u00a0Opera\u00e7\u00e3o Furna da On\u00e7a, pela Pol\u00edcia Federal.<\/p>\n\n\n\n<p>Fl\u00e1vio Bolsonaro, filho do presidente Jair Bolsonaro, prestou o depoimento a Benones no pr\u00f3prio gabinete no Senado, acompanhado da advogada Luciana Pires.<\/p>\n\n\n\n<p>Um\u00a0procedimento de investiga\u00e7\u00e3o criminal apura den\u00fancia de vazamento da opera\u00e7\u00e3o. A den\u00fancia foi feita pelo\u00a0empres\u00e1rio Paulo Marinho, ex-aliado\u00a0do senador.<\/p>\n\n\n\n<p>&#8220;N\u00e3o teve vazamento. O senador nunca teve a informa\u00e7\u00e3o de vazamento da Furna da On\u00e7a&#8221;, disse a advogada.<\/p>\n\n\n\n<p>A opera\u00e7\u00e3o Furna da On\u00e7a investigou um esquema de corrup\u00e7\u00e3o na Assembleia Legislativa do Rio (Alerj). O\u00a0vazamento da opera\u00e7\u00e3o teria sido feito por um delegado, segundo o empres\u00e1rio Paulo Marinho, suplente de Fl\u00e1vio Bolsonaro no Senado. Segundo Marinho, o encontro com o delegado teria ocorrido na porta da Superintend\u00eancia da PF, na Pra\u00e7a Mau\u00e1, no Rio de Janeiro.<\/p>\n\n\n\n<p>&#8220;Eu n\u00e3o falei mais com ele [Paulo Marinho]. Ele est\u00e1 no projeto dele. Ele est\u00e1 mais interessado na minha vaga do Senado do que tomar conta da pr\u00f3pria vida. Isso \u00e9 p\u00e1gina virada. Espero que o Minist\u00e9rio P\u00fablico do Rio e a Pol\u00edcia Federal tomem provid\u00eancias em rela\u00e7\u00e3o a essas mentiras que ele inventou&#8221;, afirmou o senador ao deixar o Senado, ap\u00f3s o depoimento.<\/p>\n\n\n\n<p>De acordo com o relato de Marinho, o delegado teria adiantado que a opera\u00e7\u00e3o atingiria pessoas do gabinete de Fl\u00e1vio Bolsonaro, ex-deputado estadual no Rio, entre as quais o ent\u00e3o assessor\u00a0Fabr\u00edcio Queiroz, preso no m\u00eas passado\u00a0sob suspeita de articular um\u00a0esquema de &#8220;rachadinha&#8221;\u00a0na Assembleia do Rio \u2014 pelo qual funcion\u00e1rios do gabinete devolviam parte dos sal\u00e1rios para Queiroz. Durante as investiga\u00e7\u00f5es da Furna da On\u00e7a surgiu o relat\u00f3rio do Conselho de Controle de Atividades Financeiras (Coaf), que apontou uma\u00a0movimenta\u00e7\u00e3o considerada at\u00edpica de R$ 1,2 milh\u00e3o\u00a0nas contas de Queiroz.<\/p>\n\n\n\n<figure class=\"wp-block-image\"><img decoding=\"async\" data-src=\"https:\/\/s2.glbimg.com\/J6fyNpfYb_femDMzNd-FPHii-e4=\/0x0:1700x1065\/984x0\/smart\/filters:strip_icc()\/i.s3.glbimg.com\/v1\/AUTH_59edd422c0c84a879bd37670ae4f538a\/internal_photos\/bs\/2020\/B\/o\/Bia2nDQceZow5Er5bscw\/flavio-bolsonaro.jpg\" alt=\"O senador Fl\u00e1vio Bolsonaro \u2014 Foto: Dida Sampaio\/Estad\u00e3o Conte\u00fado\" src=\"data:image\/svg+xml;base64,PHN2ZyB3aWR0aD0iMSIgaGVpZ2h0PSIxIiB4bWxucz0iaHR0cDovL3d3dy53My5vcmcvMjAwMC9zdmciPjwvc3ZnPg==\" class=\"lazyload\" \/><\/figure>\n\n\n\n<p>O senador Fl\u00e1vio Bolsonaro \u2014 Foto: Dida Sampaio\/Estad\u00e3o Conte\u00fado<\/p>\n\n\n\n<p>COM G1<\/p>\n","protected":false},"excerpt":{"rendered":"<p>O senador\u00a0Fl\u00e1vio Bolsonaro\u00a0(Republicanos-RJ) negou nesta segunda-feira (20), em depoimento ao procurador da Rep\u00fablica Eduardo Benones, ter tomado conhecimento pr\u00e9vio da deflagra\u00e7\u00e3o em 2018 da\u00a0Opera\u00e7\u00e3o Furna&hellip; <\/p>\n","protected":false},"author":1,"featured_media":179737,"comment_status":"closed","ping_status":"closed","sticky":false,"template":"","format":"standard","meta":{"sfsi_plus_gutenberg_text_before_share":"","sfsi_plus_gutenberg_show_text_before_share":"","sfsi_plus_gutenberg_icon_type":"","sfsi_plus_gutenberg_icon_alignemt":"","sfsi_plus_gutenburg_max_per_row":"","footnotes":""},"categories":[50,12],"tags":[],"class_list":["post-179736","post","type-post","status-publish","format-standard","has-post-thumbnail","hentry","category-destaque","category-policia"],"_links":{"self":[{"href":"https:\/\/www.caririemacao.com\/1\/wp-json\/wp\/v2\/posts\/179736","targetHints":{"allow":["GET"]}}],"collection":[{"href":"https:\/\/www.caririemacao.com\/1\/wp-json\/wp\/v2\/posts"}],"about":[{"href":"https:\/\/www.caririemacao.com\/1\/wp-json\/wp\/v2\/types\/post"}],"author":[{"embeddable":true,"href":"https:\/\/www.caririemacao.com\/1\/wp-json\/wp\/v2\/users\/1"}],"replies":[{"embeddable":true,"href":"https:\/\/www.caririemacao.com\/1\/wp-json\/wp\/v2\/comments?post=179736"}],"version-history":[{"count":1,"href":"https:\/\/www.caririemacao.com\/1\/wp-json\/wp\/v2\/posts\/179736\/revisions"}],"predecessor-version":[{"id":179738,"href":"https:\/\/www.caririemacao.com\/1\/wp-json\/wp\/v2\/posts\/179736\/revisions\/179738"}],"wp:featuredmedia":[{"embeddable":true,"href":"https:\/\/www.caririemacao.com\/1\/wp-json\/wp\/v2\/media\/179737"}],"wp:attachment":[{"href":"https:\/\/www.caririemacao.com\/1\/wp-json\/wp\/v2\/media?parent=179736"}],"wp:term":[{"taxonomy":"category","embeddable":true,"href":"https:\/\/www.caririemacao.com\/1\/wp-json\/wp\/v2\/categories?post=179736"},{"taxonomy":"post_tag","embeddable":true,"href":"https:\/\/www.caririemacao.com\/1\/wp-json\/wp\/v2\/tags?post=179736"}],"curies":[{"name":"wp","href":"https:\/\/api.w.org\/{rel}","templated":true}]}}