{"id":179739,"date":"2020-07-20T17:05:16","date_gmt":"2020-07-20T20:05:16","guid":{"rendered":"https:\/\/www.caririemacao.com\/1\/?p=179739"},"modified":"2020-07-20T17:05:16","modified_gmt":"2020-07-20T20:05:16","slug":"auxilio-emergencial-e-fgts-problemas-para-usar-o-caixa-tem-persistem-veja-relatos","status":"publish","type":"post","link":"https:\/\/www.caririemacao.com\/1\/2020\/07\/20\/auxilio-emergencial-e-fgts-problemas-para-usar-o-caixa-tem-persistem-veja-relatos\/","title":{"rendered":"Aux\u00edlio Emergencial e FGTS: problemas para usar o Caixa Tem persistem; veja relatos"},"content":{"rendered":"\n<p>Benefici\u00e1rios do\u00a0Aux\u00edlio Emergencial\u00a0e do saque emergencial do\u00a0FGTS\u00a0est\u00e3o relatando dificuldades para acessar os recursos por meio do aplicativo Caixa Tem. \u00c9 por meio dele que os benefici\u00e1rios dos programas conseguem movimentar o dinheiro para fazer compras e pagamentos, at\u00e9 chegar a data em que os saques s\u00e3o liberados.<\/p>\n\n\n\n<p>Nas redes sociais, h\u00e1 relatos de pessoas que n\u00e3o est\u00e3o conseguindo acessar o Caixa Tem, seja para usar o dinheiro do aux\u00edlio emergencial ou do FGTS, seja para acessar o saldo, e falam ainda da demora para concluir uma simples transa\u00e7\u00e3o de compra usando o pr\u00f3prio app. E que a fila virtual de acesso persiste.<\/p>\n\n\n\n<p>O<strong>\u00a0G1<\/strong>\u00a0tentou acessar ainda o\u00a0site\u00a0e aplicativo do FGTS, mas ambos apresentaram dificuldades de acesso. Quando \u00e9 poss\u00edvel acessar o app, surge uma sala de espera virtual. E quando o acesso \u00e9 autorizado, o aplicativo n\u00e3o carrega.<\/p>\n\n\n\n<figure class=\"wp-block-image\"><img decoding=\"async\" data-src=\"https:\/\/s2.glbimg.com\/yl-2Mj3ZfqggS4ZP2Hk7SoRrdz4=\/0x0:385x675\/984x0\/smart\/filters:strip_icc()\/i.s3.glbimg.com\/v1\/AUTH_59edd422c0c84a879bd37670ae4f538a\/internal_photos\/bs\/2020\/B\/B\/Kr1839StuVFFhyQIvuBA\/filavirtual.png\" alt=\"Fila virtual para acessar o app do FGTS da Caixa \u2014 Foto: Reprodu\u00e7\u00e3o\" src=\"data:image\/svg+xml;base64,PHN2ZyB3aWR0aD0iMSIgaGVpZ2h0PSIxIiB4bWxucz0iaHR0cDovL3d3dy53My5vcmcvMjAwMC9zdmciPjwvc3ZnPg==\" class=\"lazyload\" \/><\/figure>\n\n\n\n<p>Fila virtual para acessar o app do FGTS da Caixa \u2014 Foto: Reprodu\u00e7\u00e3o<\/p>\n\n\n\n<h2 class=\"wp-block-heading\">Volume grande de acessos<\/h2>\n\n\n\n<p>A Caixa Econ\u00f4mica Federal informou ao\u00a0<strong>G1<\/strong>\u00a0que, devido ao grande volume de acessos simult\u00e2neos nesta segunda-feira com o\u00a0pagamento do Fundo de Garantia para os nascidos em abril,\u00a0o aplicativo FGTS apresentou intermit\u00eancia no in\u00edcio da manh\u00e3, mas j\u00e1 voltou a ficar est\u00e1vel. &#8220;Os recursos dispon\u00edveis aos trabalhadores com direito ao saque emergencial de at\u00e9 R$ 1.045 seguiram podendo ser consultados normalmente no aplicativo Caixa Tem e no site\u00a0<a rel=\"noreferrer noopener\" href=\"http:\/\/fgts.caixa.gov.br\/\" target=\"_blank\">fgts.caixa.gov.br<\/a>&#8220;, afirmou em nota.<\/p>\n\n\n\n<p>O banco disse ainda que j\u00e1 pagou pelo Caixa Tem mais de R$ 121 bilh\u00f5es do Aux\u00edlio Emergencial para 65,2 milh\u00f5es de pessoas.<\/p>\n\n\n\n<p>O app Caixa Tem foi criado para os benefici\u00e1rios do Aux\u00edlio Emergencial sem conta em banco poderem ter o pagamento do benef\u00edcio, por meio da poupan\u00e7a social digital. Depois o acesso foi estendido para todos os benefici\u00e1rios, mesmo aqueles com conta banc\u00e1ria, para que pudessem receber o Aux\u00edlio em um primeiro momento, para fazer compras e pagamentos, at\u00e9 o saque ser autorizado.<\/p>\n\n\n\n<p>Os problemas relatados com o aplicativo Caixa Tem come\u00e7aram ainda no m\u00eas passado, quando a Caixa Econ\u00f4mica Federal incluiu o\u00a0pagamento do FGTS\u00a0no app que d\u00e1 acesso ao uso da poupan\u00e7a social digital.<\/p>\n\n\n\n<h2 class=\"wp-block-heading\">Sem acesso<\/h2>\n\n\n\n<p>Nascida em abril, Julianni Oliveira, de 20 anos, deveria receber o dinheiro do FGTS nesta segunda-feira (20). O montante j\u00e1 foi retirado da sua conta do fundo, mas ela relata que n\u00e3o consegue utilizar o aplicativo.<\/p>\n\n\n\n<p>Situa\u00e7\u00f5es como a de Julianni se repetem em relatos nas redes sociais. H\u00e1 casos de benefici\u00e1rios nascidos em janeiro que tiveram o dinheiro do FGTS debitado da conta do fundo de garantia &#8211; mas no app aparece saldo zerado.<\/p>\n\n\n\n<p>Outros relatos mostram que o dinheiro do FGTS saiu do fundo, mas no app Caixa Tem vem a mensagem &#8220;Verifique sua solicita\u00e7\u00e3o&#8221;, como \u00e9 o caso de Julianni Oliveira. E, depois vem a mensagem de que a pessoa n\u00e3o tem direito ao dinheiro.<\/p>\n\n\n\n<figure class=\"wp-block-image\"><img decoding=\"async\" data-src=\"https:\/\/s2.glbimg.com\/ASoRVZfx1xlyAk82HqGrgzvfUm4=\/0x0:327x659\/984x0\/smart\/filters:strip_icc()\/i.s3.glbimg.com\/v1\/AUTH_59edd422c0c84a879bd37670ae4f538a\/internal_photos\/bs\/2020\/0\/W\/kt6X7cRA6YCD72CUDVEQ\/whatsapp-image-2020-07-20-at-14.11.32.jpeg\" alt=\"Julianni Oliveira, de 20 anos, mostra mensagem recebida no app Caixa Tem ao tentar mexer no dinheiro do FGTS \u2014 Foto: Arquivo pessoal\" src=\"data:image\/svg+xml;base64,PHN2ZyB3aWR0aD0iMSIgaGVpZ2h0PSIxIiB4bWxucz0iaHR0cDovL3d3dy53My5vcmcvMjAwMC9zdmciPjwvc3ZnPg==\" class=\"lazyload\" \/><\/figure>\n\n\n\n<p>Julianni Oliveira, de 20 anos, mostra mensagem recebida no app Caixa Tem ao tentar mexer no dinheiro do FGTS \u2014 Foto: Arquivo pessoal<\/p>\n\n\n\n<p>Kyron Dias, de 31 anos, tamb\u00e9m deveria receber nesta segunda os recursos do FGTS, mas n\u00e3o consegue acessar o aplicativo Caixa Tem. Sem acesso ao app, ele acompanhou a movimenta\u00e7\u00e3o por meio do aplicativo do FGTS. E por l\u00e1 ele soube que a sua conta poupan\u00e7a foi criada para receber os recursos do fundo:<\/p>\n\n\n\n<figure class=\"wp-block-image\"><img decoding=\"async\" data-src=\"https:\/\/s2.glbimg.com\/yO-Qi40qipcKau4UhgUoK2Jlfys=\/0x0:480x233\/984x0\/smart\/filters:strip_icc()\/i.s3.glbimg.com\/v1\/AUTH_59edd422c0c84a879bd37670ae4f538a\/internal_photos\/bs\/2020\/O\/s\/5HSFrAQbyiYrkB79q5UA\/whatsapp-image-2020-07-20-at-14.53.15.jpeg\" alt=\"Mensagem recebida por Kyron Dias no app do FGTS \u2014 Foto: Arquivo pessoal\" src=\"data:image\/svg+xml;base64,PHN2ZyB3aWR0aD0iMSIgaGVpZ2h0PSIxIiB4bWxucz0iaHR0cDovL3d3dy53My5vcmcvMjAwMC9zdmciPjwvc3ZnPg==\" class=\"lazyload\" \/><\/figure>\n\n\n\n<p>Mensagem recebida por Kyron Dias no app do FGTS \u2014 Foto: Arquivo pessoal<\/p>\n\n\n\n<p>Trabalhadores tamb\u00e9m relatam problemas com o Aux\u00edlio Emergencial, como demora para o recurso cair na poupan\u00e7a social digital ou mensagem de que a conta n\u00e3o foi localizada no aplicativo, sendo que outras parcelas do benef\u00edcio haviam sido pagas anteriormente.<\/p>\n\n\n\n<p>Leuciene Cristiane de Oliveira Santos, de 37 anos, tenta h\u00e1 19 dias acessar o Caixa Tem. Ela recebeu as duas primeiras parcelas do Aux\u00edlio Emergencial, mas n\u00e3o consegue utilizar os recursos da terceira parcela. Ela j\u00e1 fez uma reclama\u00e7\u00e3o na ouvidoria da Caixa e no Banco Central, mas at\u00e9 agora n\u00e3o teve o seu problema resolvido. Segundo Leuciene, o pr\u00f3prio aplicativo informa que ela tem de procurar uma ag\u00eancia da Caixa para regularizar a sua situa\u00e7\u00e3o.<\/p>\n\n\n\n<figure class=\"wp-block-image\"><img decoding=\"async\" data-src=\"https:\/\/s2.glbimg.com\/UhYwSc7O-e33UBsZi2n4SdyMx7k=\/0x0:656x655\/984x0\/smart\/filters:strip_icc()\/i.s3.glbimg.com\/v1\/AUTH_59edd422c0c84a879bd37670ae4f538a\/internal_photos\/bs\/2020\/a\/u\/bnCS4GRCCUvgS4PAMPFg\/whatsapp-image-2020-07-20-at-15.22.50.jpeg\" alt=\"Mensagem recebida por Leuciene Cristiane de Oliveira Santos no aplicativo da Caixa Tem \u2014 Foto: Arquivo pessoal\" src=\"data:image\/svg+xml;base64,PHN2ZyB3aWR0aD0iMSIgaGVpZ2h0PSIxIiB4bWxucz0iaHR0cDovL3d3dy53My5vcmcvMjAwMC9zdmciPjwvc3ZnPg==\" class=\"lazyload\" \/><\/figure>\n\n\n\n<p>Mensagem recebida por Leuciene Cristiane de Oliveira Santos no aplicativo da Caixa Tem \u2014 Foto: Arquivo pessoal<\/p>\n\n\n\n<h2 class=\"wp-block-heading\">Atualiza\u00e7\u00e3o<\/h2>\n\n\n\n<p>No \u00faltimo dia 7, a Caixa Econ\u00f4mica Federal anunciou uma\u00a0atualiza\u00e7\u00e3o no aplicativo Caixa TEM para corrigir falhas na ferramenta.\u00a0O banco afirmou \u00e0 \u00e9poca que havia aumentado para 72 horas o per\u00edodo de sess\u00e3o do aplicativo nesta nova atualiza\u00e7\u00e3o, o que fez com que o usu\u00e1rio n\u00e3o precisasse entrar novamente na fila de acesso para uma nova opera\u00e7\u00e3o.<\/p>\n\n\n\n<p>COM G1 <\/p>\n","protected":false},"excerpt":{"rendered":"<p>Benefici\u00e1rios do\u00a0Aux\u00edlio Emergencial\u00a0e do saque emergencial do\u00a0FGTS\u00a0est\u00e3o relatando dificuldades para acessar os recursos por meio do aplicativo Caixa Tem. \u00c9 por meio dele que os&hellip; <\/p>\n","protected":false},"author":1,"featured_media":179740,"comment_status":"closed","ping_status":"closed","sticky":false,"template":"","format":"standard","meta":{"sfsi_plus_gutenberg_text_before_share":"","sfsi_plus_gutenberg_show_text_before_share":"","sfsi_plus_gutenberg_icon_type":"","sfsi_plus_gutenberg_icon_alignemt":"","sfsi_plus_gutenburg_max_per_row":"","footnotes":""},"categories":[2],"tags":[],"class_list":["post-179739","post","type-post","status-publish","format-standard","has-post-thumbnail","hentry","category-geral"],"_links":{"self":[{"href":"https:\/\/www.caririemacao.com\/1\/wp-json\/wp\/v2\/posts\/179739","targetHints":{"allow":["GET"]}}],"collection":[{"href":"https:\/\/www.caririemacao.com\/1\/wp-json\/wp\/v2\/posts"}],"about":[{"href":"https:\/\/www.caririemacao.com\/1\/wp-json\/wp\/v2\/types\/post"}],"author":[{"embeddable":true,"href":"https:\/\/www.caririemacao.com\/1\/wp-json\/wp\/v2\/users\/1"}],"replies":[{"embeddable":true,"href":"https:\/\/www.caririemacao.com\/1\/wp-json\/wp\/v2\/comments?post=179739"}],"version-history":[{"count":1,"href":"https:\/\/www.caririemacao.com\/1\/wp-json\/wp\/v2\/posts\/179739\/revisions"}],"predecessor-version":[{"id":179741,"href":"https:\/\/www.caririemacao.com\/1\/wp-json\/wp\/v2\/posts\/179739\/revisions\/179741"}],"wp:featuredmedia":[{"embeddable":true,"href":"https:\/\/www.caririemacao.com\/1\/wp-json\/wp\/v2\/media\/179740"}],"wp:attachment":[{"href":"https:\/\/www.caririemacao.com\/1\/wp-json\/wp\/v2\/media?parent=179739"}],"wp:term":[{"taxonomy":"category","embeddable":true,"href":"https:\/\/www.caririemacao.com\/1\/wp-json\/wp\/v2\/categories?post=179739"},{"taxonomy":"post_tag","embeddable":true,"href":"https:\/\/www.caririemacao.com\/1\/wp-json\/wp\/v2\/tags?post=179739"}],"curies":[{"name":"wp","href":"https:\/\/api.w.org\/{rel}","templated":true}]}}