{"id":179743,"date":"2020-07-20T17:12:44","date_gmt":"2020-07-20T20:12:44","guid":{"rendered":"https:\/\/www.caririemacao.com\/1\/?p=179743"},"modified":"2020-07-20T17:12:44","modified_gmt":"2020-07-20T20:12:44","slug":"otimismo-cautela-e-resultado-esperado-especialistas-avaliam-avancos-nas-pesquisas-de-vacinas-contra-a-covid","status":"publish","type":"post","link":"https:\/\/www.caririemacao.com\/1\/2020\/07\/20\/otimismo-cautela-e-resultado-esperado-especialistas-avaliam-avancos-nas-pesquisas-de-vacinas-contra-a-covid\/","title":{"rendered":"&#8216;Otimismo&#8217;, &#8216;cautela&#8217; e &#8216;resultado esperado&#8217;: especialistas avaliam avan\u00e7os nas pesquisas de vacinas contra a Covid"},"content":{"rendered":"\n<p>Nesta segunda-feira (20), duas\u00a0vacinas\u00a0contra a\u00a0Covid-19\u00a0&#8211; a de Oxford e da chinesa CanSino &#8211; apresentaram resultados positivos em estudos preliminares. Ambas apresentaram resposta imune ao v\u00edrus e bons \u00edndices de seguran\u00e7a.<\/p>\n\n\n\n<p>Os resultados s\u00e3o dos ensaios cl\u00ednicos ainda em fase preliminar (fase 1 e fase 2). \u00c9 no ensaio de fase 3, com um n\u00famero maior de participantes, que a efic\u00e1cia da vacina \u00e9 comprovada em uma popula\u00e7\u00e3o maior, antes de considerar sua comercializa\u00e7\u00e3o em larga escala.<\/p>\n\n\n\n<p>Abaixo, veja a avalia\u00e7\u00e3o de m\u00e9dicos e cientistas sobre quais as perspectivas que os resultados apontam.<\/p>\n\n\n\n<p><strong>Roberto Medronho, infectologista da Universidade Federal do Rio de Janeiro (UFRJ), sobre a vacina de Oxford:<\/strong><\/p>\n\n\n\n<figure class=\"wp-block-image\"><img decoding=\"async\" data-src=\"https:\/\/s04.video.glbimg.com\/x240\/8711435.jpg\" alt=\"\u2018Uma gota de esperan\u00e7a em um grande oceano\u2019, diz infectologista sobre vacina de Oxford\" title=\"\u2018Uma gota de esperan\u00e7a em um grande oceano\u2019, diz infectologista sobre vacina de Oxford\" src=\"data:image\/svg+xml;base64,PHN2ZyB3aWR0aD0iMSIgaGVpZ2h0PSIxIiB4bWxucz0iaHR0cDovL3d3dy53My5vcmcvMjAwMC9zdmciPjwvc3ZnPg==\" class=\"lazyload\" \/><\/figure>\n\n\n\n<p>\u2018Uma gota de esperan\u00e7a em um grande oceano\u2019, diz infectologista sobre vacina de Oxford<\/p>\n\n\n\n<blockquote class=\"wp-block-quote is-layout-flow wp-block-quote-is-layout-flow\"><p>\u201cNa verdade \u00e9 um resultado j\u00e1 esperado, ou n\u00e3o passaria para a fase 3, que \u00e9 aquela pesquisa em seres humanos em uma maior quantidade, como agora n\u00f3s estamos vendo. H\u00e1 milhares de pessoas participando do ensaio cl\u00ednico na fase 3\u201d, disse Medronho.<\/p><\/blockquote>\n\n\n\n<p>\u201cEla tem o poder de produzir imunidade nas pessoas que tomaram a vacina. Mas, agora, neste momento, o que est\u00e1 sendo realizado inclusive com o Brasil participando, que \u00e9 a fase 3, \u00e9 que ser\u00e1 a pesquisa decisiva para o uso em largu\u00edssima escala da vacina. E a\u00ed entrar\u00edamos no que a gente chama a fase 4, que \u00e9 a fase p\u00f3s-comercializa\u00e7\u00e3o\u201d.<\/p>\n\n\n\n<p><strong>Jamal Suleiman, infectologista do Instituto Em\u00edlio Ribas, sobre a vacina de Oxford:<\/strong><\/p>\n\n\n\n<figure class=\"wp-block-image\"><img decoding=\"async\" data-src=\"https:\/\/s03.video.glbimg.com\/x240\/8711758.jpg\" alt=\"Vacina de Oxford contra a Covid-19 \u00e9 segura e gera imunidade; infectologista comenta\" title=\"Vacina de Oxford contra a Covid-19 \u00e9 segura e gera imunidade; infectologista comenta\" src=\"data:image\/svg+xml;base64,PHN2ZyB3aWR0aD0iMSIgaGVpZ2h0PSIxIiB4bWxucz0iaHR0cDovL3d3dy53My5vcmcvMjAwMC9zdmciPjwvc3ZnPg==\" class=\"lazyload\" \/><\/figure>\n\n\n\n<p>Vacina de Oxford contra a Covid-19 \u00e9 segura e gera imunidade; infectologista comenta<\/p>\n\n\n\n<p>\u201c\u00c9 muito importante, porque isso \u00e9 ci\u00eancia, esse \u00e9 o tempo da ci\u00eancia. Ent\u00e3o, os dados preliminares desse artigo que acabou de ser publicado online na Lancet, cujo autor, o primeiro deles inclusive, que \u00e9 o Pedro, \u00e9 um m\u00e9dico brasileiro, que se encontra l\u00e1, e por acaso \u00e9 um ex-residente meu, ent\u00e3o, \u00e9 um prazer imenso t\u00ea-lo em um grupo t\u00e3o importante quanto esse\u201d, disse Jamal Suleiman.<\/p>\n\n\n\n<blockquote class=\"wp-block-quote is-layout-flow wp-block-quote-is-layout-flow\"><p>\u201cCom uma \u00fanica dose, que isso \u00e9 outro dado interessant\u00edssimo, a vacina (de Oxford) \u00e9 capaz de produzir uma resposta com baixos eventos adversos, ou com poucos eventos adversos. E esses eventos adversos, na amostra testada, eles n\u00e3o tiveram impacto significativo. Ent\u00e3o, com uma \u00fanica dose, voc\u00ea \u00e9 capaz de promover uma resposta. O que se quer entender \u00e9 por quanto tempo esta resposta ser\u00e1 mantida\u201d &#8211; Jamal Suleiman<\/p><\/blockquote>\n\n\n\n<p><strong>Alberto Chebabo, infectologista e membro da diretoria da Sociedade Brasileira de Infectologia<\/strong><\/p>\n\n\n\n<figure class=\"wp-block-image\"><img decoding=\"async\" data-src=\"https:\/\/s02.video.glbimg.com\/x240\/8710673.jpg\" alt=\"\u2018Vacina est\u00e1 mais adiantada do que medica\u00e7\u00e3o\u2019, diz infectologista sobre Covid-19\" title=\"\u2018Vacina est\u00e1 mais adiantada do que medica\u00e7\u00e3o\u2019, diz infectologista sobre Covid-19\" src=\"data:image\/svg+xml;base64,PHN2ZyB3aWR0aD0iMSIgaGVpZ2h0PSIxIiB4bWxucz0iaHR0cDovL3d3dy53My5vcmcvMjAwMC9zdmciPjwvc3ZnPg==\" class=\"lazyload\" \/><\/figure>\n\n\n\n<p>\u2018Vacina est\u00e1 mais adiantada do que medica\u00e7\u00e3o\u2019, diz infectologista sobre Covid-19<\/p>\n\n\n\n<p>\u201cA vacina est\u00e1 muito mais adiantada em termos de pesquisa, de evolu\u00e7\u00e3o, do que uma medica\u00e7\u00e3o\u201d, disse o infectologista Alberto Chebabo.<\/p>\n\n\n\n<p><strong>Chrystina Barros, pesquisadora da Universidade Federal do Rio de Janeiro (UFRJ)<\/strong><\/p>\n\n\n\n<figure class=\"wp-block-image\"><img decoding=\"async\" data-src=\"https:\/\/s01.video.glbimg.com\/x240\/8711876.jpg\" alt=\"Epidemiologista sobre vacina de Oxford: \u2018\u00c9 \u00f3timo, mas ainda n\u00e3o \u00e9 a not\u00edcia que queremos\u2019\" title=\"Epidemiologista sobre vacina de Oxford: \u2018\u00c9 \u00f3timo, mas ainda n\u00e3o \u00e9 a not\u00edcia que queremos\u2019\" src=\"data:image\/svg+xml;base64,PHN2ZyB3aWR0aD0iMSIgaGVpZ2h0PSIxIiB4bWxucz0iaHR0cDovL3d3dy53My5vcmcvMjAwMC9zdmciPjwvc3ZnPg==\" class=\"lazyload\" \/><\/figure>\n\n\n\n<p>Epidemiologista sobre vacina de Oxford: \u2018\u00c9 \u00f3timo, mas ainda n\u00e3o \u00e9 a not\u00edcia que queremos\u2019<\/p>\n\n\n\n<p>\u201cO mundo est\u00e1 vendo uma vacina ser desenvolvida em tempo recorde. A gente antes disso tinha a vacina da Mers desenvolvida em 4 anos. \u00c9 claro que por falarmos de uma vacina de uma fam\u00edlia de v\u00edrus, que j\u00e1 havia uma vacina, anterior, isso facilita. Tudo faz a gente ter mais otimismo, mas a gente continua tendo sim que ter cautela. At\u00e9 chegar na fase final, fase 3, em que as pessoas tomem a vacina, a gente tem que ter muito cuidado, mas a comunidade cient\u00edfica de uma forma geral est\u00e1 bem otimista\u201d, avalia Chrystina Barros, pesquisadora da UFRJ<\/p>\n\n\n\n<p><strong>Atila Iamarino, bi\u00f3logo e divulgador cient\u00edfico<\/strong><\/p>\n\n\n\n<blockquote class=\"wp-block-quote is-layout-flow wp-block-quote-is-layout-flow\"><p>\u201cVacina em testes \u00e9 como anunciarem que v\u00e3o limpar o Rio Tiet\u00ea em S\u00e3o Paulo. A inten\u00e7\u00e3o \u00e9 \u00f3tima e pra quem \u00e9 de fora, parece super promissor. Mas pra quem conhece o hist\u00f3rico, vale esperar pra ver.\u201d &#8211; Atila Iamarino<\/p><\/blockquote>\n\n\n\n<p><strong>Marco Krieger, vice-presidente de produ\u00e7\u00e3o e inova\u00e7\u00e3o em Sa\u00fade da Funda\u00e7\u00e3o Oswaldo Cruz<\/strong><\/p>\n\n\n\n<figure class=\"wp-block-image\"><img decoding=\"async\" data-src=\"https:\/\/s04.video.glbimg.com\/x240\/8712107.jpg\" alt=\"Especialista da Fiocruz explica poss\u00edveis gargalos da vacina de Oxford\" title=\"Especialista da Fiocruz explica poss\u00edveis gargalos da vacina de Oxford\" src=\"data:image\/svg+xml;base64,PHN2ZyB3aWR0aD0iMSIgaGVpZ2h0PSIxIiB4bWxucz0iaHR0cDovL3d3dy53My5vcmcvMjAwMC9zdmciPjwvc3ZnPg==\" class=\"lazyload\" \/><\/figure>\n\n\n\n<p>Especialista da Fiocruz explica poss\u00edveis gargalos da vacina de Oxford<\/p>\n\n\n\n<p>\u201cN\u00f3s temos dois gargalos importantes. Primeiro, \u00e9 garantir que esta vacina tenha efic\u00e1cia e seguran\u00e7a. E isso a gente est\u00e1 avan\u00e7ando nos ensaios cl\u00ednicos que est\u00e3o se dando de uma forma c\u00e9lere. Por dois motivos, inicialmente porque n\u00f3s estamos enfrentando uma pandemia in\u00e9dita, ent\u00e3o isso fez com que a gente tivesse a possibilidade de acelerar um pouco os estudos, mas, ao mesmo tempo, essa plataforma \u00e9 uma plataforma que foi desenvolvida em um programa para enfrentamento dessas doen\u00e7as como a gente chama de emergentes\u201d, disse Marco Krieger, vice-presidente de produ\u00e7\u00e3o e inova\u00e7\u00e3o em Sa\u00fade da Funda\u00e7\u00e3o Oswaldo Cruz.<\/p>\n\n\n\n<p>\u201cS\u00f3 para resumir, nos \u00faltimos 20 anos, a gente teve tr\u00eas emerg\u00eancias de coronav\u00edrus, tivemos uma emerg\u00eancia do Influenza pand\u00eamico, tivemos ebola na \u00c1frica, tivemos zika aqui no Brasil, e isso fez com que os atores de sa\u00fade global fizessem um investimento em plataformas que pudessem trazer essa resposta de forma c\u00e9lere\u201d<\/p>\n\n\n\n<p><strong>Ariane Gomes, imunologista<\/strong><\/p>\n\n\n\n<p>\u201cBons resultados da vacina, mas novamente, resultados de fase I\/II s\u00f3 dizem que a vacina induz uma resposta no organismo, o que era esperado visto que o vetor viral \u00e9 bem imunog\u00eanico. Se esse resultado \u00e9 relevante, s\u00f3 saberemos na fase III\u201d, disse a imunologista Ariane Gomes.<\/p>\n\n\n\n<p>com g1 <\/p>\n","protected":false},"excerpt":{"rendered":"<p>Nesta segunda-feira (20), duas\u00a0vacinas\u00a0contra a\u00a0Covid-19\u00a0&#8211; a de Oxford e da chinesa CanSino &#8211; apresentaram resultados positivos em estudos preliminares. Ambas apresentaram resposta imune ao v\u00edrus&hellip; <\/p>\n","protected":false},"author":1,"featured_media":179744,"comment_status":"closed","ping_status":"closed","sticky":false,"template":"","format":"standard","meta":{"sfsi_plus_gutenberg_text_before_share":"","sfsi_plus_gutenberg_show_text_before_share":"","sfsi_plus_gutenberg_icon_type":"","sfsi_plus_gutenberg_icon_alignemt":"","sfsi_plus_gutenburg_max_per_row":"","footnotes":""},"categories":[16],"tags":[],"class_list":["post-179743","post","type-post","status-publish","format-standard","has-post-thumbnail","hentry","category-saude"],"_links":{"self":[{"href":"https:\/\/www.caririemacao.com\/1\/wp-json\/wp\/v2\/posts\/179743","targetHints":{"allow":["GET"]}}],"collection":[{"href":"https:\/\/www.caririemacao.com\/1\/wp-json\/wp\/v2\/posts"}],"about":[{"href":"https:\/\/www.caririemacao.com\/1\/wp-json\/wp\/v2\/types\/post"}],"author":[{"embeddable":true,"href":"https:\/\/www.caririemacao.com\/1\/wp-json\/wp\/v2\/users\/1"}],"replies":[{"embeddable":true,"href":"https:\/\/www.caririemacao.com\/1\/wp-json\/wp\/v2\/comments?post=179743"}],"version-history":[{"count":1,"href":"https:\/\/www.caririemacao.com\/1\/wp-json\/wp\/v2\/posts\/179743\/revisions"}],"predecessor-version":[{"id":179745,"href":"https:\/\/www.caririemacao.com\/1\/wp-json\/wp\/v2\/posts\/179743\/revisions\/179745"}],"wp:featuredmedia":[{"embeddable":true,"href":"https:\/\/www.caririemacao.com\/1\/wp-json\/wp\/v2\/media\/179744"}],"wp:attachment":[{"href":"https:\/\/www.caririemacao.com\/1\/wp-json\/wp\/v2\/media?parent=179743"}],"wp:term":[{"taxonomy":"category","embeddable":true,"href":"https:\/\/www.caririemacao.com\/1\/wp-json\/wp\/v2\/categories?post=179743"},{"taxonomy":"post_tag","embeddable":true,"href":"https:\/\/www.caririemacao.com\/1\/wp-json\/wp\/v2\/tags?post=179743"}],"curies":[{"name":"wp","href":"https:\/\/api.w.org\/{rel}","templated":true}]}}