{"id":179747,"date":"2020-07-20T17:19:03","date_gmt":"2020-07-20T20:19:03","guid":{"rendered":"https:\/\/www.caririemacao.com\/1\/?p=179747"},"modified":"2020-07-20T17:19:03","modified_gmt":"2020-07-20T20:19:03","slug":"bombeiros-atendem-154-ocorrencias-de-queimadas-em-rio-branco-somente-no-final-de-semana","status":"publish","type":"post","link":"https:\/\/www.caririemacao.com\/1\/2020\/07\/20\/bombeiros-atendem-154-ocorrencias-de-queimadas-em-rio-branco-somente-no-final-de-semana\/","title":{"rendered":"Bombeiros atendem 154 ocorr\u00eancias de queimadas em Rio Branco somente no final de semana"},"content":{"rendered":"\n<p>O fim de semana em Rio Branco foi marcado por muita fuma\u00e7a e muitas queimadas. Dados do Corpo de Bombeiros apontam que foram registrados, entre sexta-feira (17) e domingo (19), 154 queimadas urbanas somente na capital.<\/p>\n\n\n\n<p>O dia com mais registros foi domingo, com 77 ocorr\u00eancias. Em seguida, sexta com 52 chamados e s\u00e1bado com 25, totalizando 154 inc\u00eandios.<\/p>\n\n\n\n<p>Somente noite de domingo, em cerca de duas horas e meia, foram 18 chamados. O major Cl\u00e1udio Falc\u00e3o, do Corpo de Bombeiros, afirmou que o n\u00famero de ocorr\u00eancias deste final de semana \u00e9 10 vezes maior que o registrado no mesmo per\u00edodo do ano passado, quando foram atendidos 15 chamados.<\/p>\n\n\n\n<p>\u201cA maioria dessas queimadas \u00e9 em terrenos baldios, \u00e1reas verdes da cidade e tamb\u00e9m em \u00e1reas de prote\u00e7\u00e3o ambiental. Nossa cidade tem muitos terrenos desabitados, ent\u00e3o essas \u00e1reas s\u00e3o prop\u00edcias \u00e0 queima. Com rela\u00e7\u00e3o ao que influencia, primeiro que estamos em um per\u00edodo muito seco, onde as pessoas perdem controle de qualquer fogo e ele se transforma em inc\u00eandio. Outra \u00e9 a cultura das pessoas, que insistem em queimar para limpar quintais, terrenos e tamb\u00e9m tem o vandalismo\u201d, disse o major.<\/p>\n\n\n\n<figure class=\"wp-block-image\"><img decoding=\"async\" data-src=\"https:\/\/s2.glbimg.com\/uPrxHR0xba-QJ9mOcrSTL0ox-JM=\/0x0:960x632\/984x0\/smart\/filters:strip_icc()\/i.s3.glbimg.com\/v1\/AUTH_59edd422c0c84a879bd37670ae4f538a\/internal_photos\/bs\/2020\/C\/Z\/TAazsRQMKBcVbghrKfiQ\/queimada3.jpg\" alt=\"Semeia autuou quatro propriedades, sendo que uma foi multada em mais de R$ 4 mil \u2014 Foto: Jardy Lopes\/Arquivo pessoal\" src=\"data:image\/svg+xml;base64,PHN2ZyB3aWR0aD0iMSIgaGVpZ2h0PSIxIiB4bWxucz0iaHR0cDovL3d3dy53My5vcmcvMjAwMC9zdmciPjwvc3ZnPg==\" class=\"lazyload\" \/><\/figure>\n\n\n\n<p>Semeia autuou quatro propriedades, sendo que uma foi multada em mais de R$ 4 mil \u2014 Foto: Jardy Lopes\/Arquivo pessoal<\/p>\n\n\n\n<h2 class=\"wp-block-heading\">Quatro propriet\u00e1rios autuados<\/h2>\n\n\n\n<p>Ainda neste final de semana, a Secretaria Municipal de Meio de Ambiente aplicou 4 autua\u00e7\u00f5es por queimadas urbanas em Rio Branco, sendo que em um dos casos o propriet\u00e1rio foi multado em mais de R$ 4 mil.<\/p>\n\n\n\n<p>A chefe da divis\u00e3o de fiscaliza\u00e7\u00e3o ambiental, Greyce Kelly Ditomaso, afirmou que nos tr\u00eas dias tiveram ao menos dois grandes inc\u00eandios que causaram a cobertura de fuma\u00e7a que foi vista no final de semana pelos rio-branquenses.<\/p>\n\n\n\n<p>Foi o caso de uma queimada em um terreno pr\u00f3ximo ao parque zoobot\u00e2nico da Universidade Federal do Acre (Ufac) e outra entre a Estrada Transacreana e o Calafate.<\/p>\n\n\n\n<p>\u201cEsse final de semana tivemos v\u00e1rios chamados, foram cerca de 20 atendimentos. Somente esse inc\u00eandio entre a Transacreana e o Calafate teve uma extens\u00e3o de mais de 100 hectares. Esse fogo come\u00e7ou no s\u00e1bado e ontem [domingo, 19] \u00e0 noite estive l\u00e1 e ainda estava queimando bastante e provavelmente est\u00e1 queimando at\u00e9 esta segunda [20]\u201d, disse Greyce.<\/p>\n\n\n\n<figure class=\"wp-block-image\"><img decoding=\"async\" data-src=\"https:\/\/s2.glbimg.com\/-KPQAEISWEi9TtsP2mLcrpCKK-U=\/0x0:960x536\/984x0\/smart\/filters:strip_icc()\/i.s3.glbimg.com\/v1\/AUTH_59edd422c0c84a879bd37670ae4f538a\/internal_photos\/bs\/2020\/q\/c\/fqvE0GTWSDQYiAwUGZHw\/queimada2.jpg\" alt=\"N\u00famero de chamados foi quase 10 vezes mais que no mesmo per\u00edodo do ano passado \u2014 Foto: Jardy Lopes\/Arquivo pessoal\" src=\"data:image\/svg+xml;base64,PHN2ZyB3aWR0aD0iMSIgaGVpZ2h0PSIxIiB4bWxucz0iaHR0cDovL3d3dy53My5vcmcvMjAwMC9zdmciPjwvc3ZnPg==\" class=\"lazyload\" \/><\/figure>\n\n\n\n<p>N\u00famero de chamados foi quase 10 vezes mais que no mesmo per\u00edodo do ano passado \u2014 Foto: Jardy Lopes\/Arquivo pessoal<\/p>\n\n\n\n<h2 class=\"wp-block-heading\">Qualidade do ar<\/h2>\n\n\n\n<p>Fuma\u00e7a, queimadas, tempo seco e aus\u00eancia de chuvas. Todos esses fatores contribuem para que a qualidade do ar seja inadequada para a sa\u00fade.<\/p>\n\n\n\n<p>Dados dos sensores de monitora\u00e7\u00e3o mostram que no final de semana foram registrados dois picos de eleva\u00e7\u00e3o na concentra\u00e7\u00e3o de material particulado na atmosfera.<\/p>\n\n\n\n<p>A Organiza\u00e7\u00e3o Mundial de Sa\u00fade (OMS) prev\u00ea que a quantidade de material particulado por metro c\u00fabico aceit\u00e1vel \u00e9 de 25 microgramas. Acima disso, a qualidade \u00e9 ruim para a sa\u00fade humana. Neste final de semana, os valores oscilaram entre 18 a 202 microgramas por cada metro c\u00fabico de ar, ou seja, ficou muito acima do aceit\u00e1vel.<\/p>\n\n\n\n<h2 class=\"wp-block-heading\">Quase R$ 400 mil em multas<\/h2>\n\n\n\n<p>No Acre, a pedido do\u00a0<strong>G1<\/strong>, o governo fez um levantamento de a\u00e7\u00f5es feitas no primeiro semestre deste ano relacionadas ao combate a crimes ambientais. Foram\u00a0totalizados R$ 393.146,43 em multas\u00a0relacionadas a desmate, queimadas, embargos e apreens\u00f5es com madeira ilegal. O valor aplicado mostra uma baixa na m\u00e9dia com rela\u00e7\u00e3o aos anos anteriores.<\/p>\n\n\n\n<p>O governo informou que tem atuado com \u00eanfase contra o desmatamento ilegal, invas\u00f5es de terras p\u00fablicas e queimadas. Segundo o balan\u00e7o, foram 1.640 ocorr\u00eancias de combate a queimadas urbanas; 169 queimadas rurais; 13 pris\u00f5es em flagrante; 54 autos de infra\u00e7\u00e3o, entre atividades de desmate, embargos e apreens\u00f5es com madeira ilegal, que geraram o valor das multas.<\/p>\n\n\n\n<p>A Amaz\u00f4nia voltou a ser o centro das aten\u00e7\u00f5es nos \u00faltimos dias. Isso porque registrou\u00a01.034,4 km\u00b2 de \u00e1rea sob alerta de desmatamento em junho, recorde para o m\u00eas em toda a s\u00e9rie hist\u00f3rica iniciada em 2015.<\/p>\n\n\n\n<p>No acumulado do semestre, os alertas indicam devasta\u00e7\u00e3o em 3.069,57 km\u00b2 da Amaz\u00f4nia, aumento de 25% em compara\u00e7\u00e3o ao primeiro semestre de 2019.<\/p>\n\n\n\n<figure class=\"wp-block-image\"><img decoding=\"async\" data-src=\"https:\/\/s04.video.glbimg.com\/x240\/8529379.jpg\" alt=\"Prefeitura de Rio Branco antecipa opera\u00e7\u00f5es de combate \u00e0s queimadas\" title=\"Prefeitura de Rio Branco antecipa opera\u00e7\u00f5es de combate \u00e0s queimadas\" src=\"data:image\/svg+xml;base64,PHN2ZyB3aWR0aD0iMSIgaGVpZ2h0PSIxIiB4bWxucz0iaHR0cDovL3d3dy53My5vcmcvMjAwMC9zdmciPjwvc3ZnPg==\" class=\"lazyload\" \/><\/figure>\n\n\n\n<p>COM G1<\/p>\n","protected":false},"excerpt":{"rendered":"<p>O fim de semana em Rio Branco foi marcado por muita fuma\u00e7a e muitas queimadas. Dados do Corpo de Bombeiros apontam que foram registrados, entre&hellip; <\/p>\n","protected":false},"author":1,"featured_media":179748,"comment_status":"closed","ping_status":"closed","sticky":false,"template":"","format":"standard","meta":{"sfsi_plus_gutenberg_text_before_share":"","sfsi_plus_gutenberg_show_text_before_share":"","sfsi_plus_gutenberg_icon_type":"","sfsi_plus_gutenberg_icon_alignemt":"","sfsi_plus_gutenburg_max_per_row":"","footnotes":""},"categories":[1],"tags":[],"class_list":["post-179747","post","type-post","status-publish","format-standard","has-post-thumbnail","hentry","category-o-site"],"_links":{"self":[{"href":"https:\/\/www.caririemacao.com\/1\/wp-json\/wp\/v2\/posts\/179747","targetHints":{"allow":["GET"]}}],"collection":[{"href":"https:\/\/www.caririemacao.com\/1\/wp-json\/wp\/v2\/posts"}],"about":[{"href":"https:\/\/www.caririemacao.com\/1\/wp-json\/wp\/v2\/types\/post"}],"author":[{"embeddable":true,"href":"https:\/\/www.caririemacao.com\/1\/wp-json\/wp\/v2\/users\/1"}],"replies":[{"embeddable":true,"href":"https:\/\/www.caririemacao.com\/1\/wp-json\/wp\/v2\/comments?post=179747"}],"version-history":[{"count":1,"href":"https:\/\/www.caririemacao.com\/1\/wp-json\/wp\/v2\/posts\/179747\/revisions"}],"predecessor-version":[{"id":179749,"href":"https:\/\/www.caririemacao.com\/1\/wp-json\/wp\/v2\/posts\/179747\/revisions\/179749"}],"wp:featuredmedia":[{"embeddable":true,"href":"https:\/\/www.caririemacao.com\/1\/wp-json\/wp\/v2\/media\/179748"}],"wp:attachment":[{"href":"https:\/\/www.caririemacao.com\/1\/wp-json\/wp\/v2\/media?parent=179747"}],"wp:term":[{"taxonomy":"category","embeddable":true,"href":"https:\/\/www.caririemacao.com\/1\/wp-json\/wp\/v2\/categories?post=179747"},{"taxonomy":"post_tag","embeddable":true,"href":"https:\/\/www.caririemacao.com\/1\/wp-json\/wp\/v2\/tags?post=179747"}],"curies":[{"name":"wp","href":"https:\/\/api.w.org\/{rel}","templated":true}]}}