{"id":179750,"date":"2020-07-20T17:23:33","date_gmt":"2020-07-20T20:23:33","guid":{"rendered":"https:\/\/www.caririemacao.com\/1\/?p=179750"},"modified":"2020-07-20T17:23:33","modified_gmt":"2020-07-20T20:23:33","slug":"rio-ja-teve-mais-de-18-mil-multas-por-falta-de-mascara-em-um-mes-e-meio","status":"publish","type":"post","link":"https:\/\/www.caririemacao.com\/1\/2020\/07\/20\/rio-ja-teve-mais-de-18-mil-multas-por-falta-de-mascara-em-um-mes-e-meio\/","title":{"rendered":"Rio j\u00e1 teve mais de 1,8 mil multas por falta de m\u00e1scara em um m\u00eas e meio"},"content":{"rendered":"\n<p>A Guarda Municipal registrou 1.820 multas desde o dia 5 de junho por falta do uso de m\u00e1scaras. Apenas no \u00faltimo fim de semana, mais de 80 delas foram aplicadas nas areias das praias das zonas Sul e Oeste da cidade. A multa prevista \u00e9 de R$ 107.<\/p>\n\n\n\n<p>Desde o come\u00e7o das fiscaliza\u00e7\u00f5es, em 18 destes casos foi necess\u00e1rio levar o infrator para a delegacia por desacato, desobedi\u00eancia ou resist\u00eancia, se recusando a fornecer o documento de identifica\u00e7\u00e3o ao agente.<\/p>\n\n\n\n<p>Um dos casos mais recentes aconteceu na tarde de s\u00e1bado (18) na Praia de Copacabana,\u00a0quando um homem teve que ser contido\u00a0com a ajuda de uma m\u00e1quina de eletrochoque pelos agentes.<\/p>\n\n\n\n<figure class=\"wp-block-image\"><img decoding=\"async\" data-src=\"https:\/\/s2.glbimg.com\/fGdP3ZESBeIHwmiSLvIfhDhBRMI=\/0x0:633x360\/1008x0\/smart\/filters:strip_icc()\/i.s3.glbimg.com\/v1\/AUTH_59edd422c0c84a879bd37670ae4f538a\/internal_photos\/bs\/2020\/3\/3\/KzaO2JSIGoSlon6Qu24g\/taser.png\" alt=\"Guarda municipal prende homem em Copacabana usando eletrochoque \u2014 Foto: Reprodu\u00e7\u00e3o\" src=\"data:image\/svg+xml;base64,PHN2ZyB3aWR0aD0iMSIgaGVpZ2h0PSIxIiB4bWxucz0iaHR0cDovL3d3dy53My5vcmcvMjAwMC9zdmciPjwvc3ZnPg==\" class=\"lazyload\" \/><\/figure>\n\n\n\n<p>Guarda municipal prende homem em Copacabana usando eletrochoque \u2014 Foto: Reprodu\u00e7\u00e3o<\/p>\n\n\n\n<p>\u201cPara n\u00f3s \u00e9 um n\u00famero alto, porque n\u00e3o gostar\u00edamos de aplicar nenhuma notifica\u00e7\u00e3o. Gostar\u00edamos que as pessoas entendessem o momento delicado que estamos passando\u201d, explicou Ricardo Soares comandante da Guarda Municipal do Rio, sobre as multas aplicadas pela falta de m\u00e1scara.<\/p>\n\n\n\n<figure class=\"wp-block-image\"><img decoding=\"async\" data-src=\"https:\/\/s02.video.glbimg.com\/x240\/8710825.jpg\" alt=\"Homem resiste a abordagem da Guarda Municipal e \u00e9 imobilizado com arma de choque em praia\" title=\"Homem resiste a abordagem da Guarda Municipal e \u00e9 imobilizado com arma de choque em praia\" src=\"data:image\/svg+xml;base64,PHN2ZyB3aWR0aD0iMSIgaGVpZ2h0PSIxIiB4bWxucz0iaHR0cDovL3d3dy53My5vcmcvMjAwMC9zdmciPjwvc3ZnPg==\" class=\"lazyload\" \/><\/figure>\n\n\n\n<p>Homem resiste a abordagem da Guarda Municipal e \u00e9 imobilizado com arma de choque em praia<\/p>\n\n\n\n<p>Segundo ele, a resist\u00eancia ao trabalho dos agentes n\u00e3o costuma ser comum, mas os guardas que fazem este trabalho j\u00e1 enfrentaram, pelo menos uma vez, algu\u00e9m reticente ao uso do equipamento de prote\u00e7\u00e3o. Ele afirma que j\u00e1 foram registrados casos de agress\u00e3o contra os agentes.<\/p>\n\n\n\n<p>\u201c\u00c9 inadmiss\u00edvel que as pessoas, com tanta informa\u00e7\u00e3o, se tornem algu\u00e9m que n\u00e3o cumpre as leis em um momento t\u00e3o delicado como o que estamos passando. O guarda est\u00e1 ali para orientar\u201d, destacou o comandante.<\/p>\n\n\n\n<p>Segundo ele, o trabalho dos guardas \u00e9, principalmente, um instrumento de conscientiza\u00e7\u00e3o. Ele destaca iniciativas como o uso de 65 carros de som circulando pela cidade informando a popula\u00e7\u00e3o sobre a necessidade de uso da m\u00e1scara, de lavar as m\u00e3os e do \u00e1lcool em gel.<\/p>\n\n\n\n<h2 class=\"wp-block-heading\">M\u00e1scaras obrigat\u00f3rias<\/h2>\n\n\n\n<figure class=\"wp-block-image\"><img decoding=\"async\" data-src=\"https:\/\/s2.glbimg.com\/ciyonWZixriy3hyb-UFSa4TRS4s=\/0x0:3221x2147\/1008x0\/smart\/filters:strip_icc()\/i.s3.glbimg.com\/v1\/AUTH_59edd422c0c84a879bd37670ae4f538a\/internal_photos\/bs\/2020\/B\/B\/UICMlBQ8eUogdCJGP7kw\/2020-06-16t163759z-1797608435-rc2gah9l7n8t-rtrmadp-3-health-coronavirus-brazil.jpg\" alt=\"Idoso de m\u00e1scara anda em frente a muro com grafite de crian\u00e7a com m\u00e1scara contra a Covid-19 no Rio  na semana passada \u2014 Foto: Pilar Olivares\/Reuters\" src=\"data:image\/svg+xml;base64,PHN2ZyB3aWR0aD0iMSIgaGVpZ2h0PSIxIiB4bWxucz0iaHR0cDovL3d3dy53My5vcmcvMjAwMC9zdmciPjwvc3ZnPg==\" class=\"lazyload\" \/><\/figure>\n\n\n\n<p>Idoso de m\u00e1scara anda em frente a muro com grafite de crian\u00e7a com m\u00e1scara contra a Covid-19 no Rio na semana passada \u2014 Foto: Pilar Olivares\/Reuters<\/p>\n\n\n\n<p>O decreto que tornou obrigat\u00f3rio o uso de m\u00e1scaras em lugares p\u00fablicos no munic\u00edpio do Rio de Janeiro enquanto durar a pandemia da Covid-19\u00a0foi publicado no Di\u00e1rio Oficial do dia 18 de abril.<\/p>\n\n\n\n<p>No domingo (19), Estado do Rio de Janeiro\u00a0registrou 12.114 mortes por Covid-19\u00a0e contabilizou 138.524 casos confirmados da doen\u00e7a.<\/p>\n\n\n\n<p>O n\u00famero de mortes equivale a &#8220;apagar&#8221; duas cidades do RJ do mapa. Somadas, as popula\u00e7\u00f5es de Macuco e S\u00e3o Jos\u00e9 de Ub\u00e1 \u2013 ou Macuco e Laje do Muria\u00e9, se aproximam do total de mortes.<\/p>\n\n\n\n<p>com g1<\/p>\n","protected":false},"excerpt":{"rendered":"<p>A Guarda Municipal registrou 1.820 multas desde o dia 5 de junho por falta do uso de m\u00e1scaras. Apenas no \u00faltimo fim de semana, mais&hellip; <\/p>\n","protected":false},"author":1,"featured_media":179751,"comment_status":"closed","ping_status":"closed","sticky":false,"template":"","format":"standard","meta":{"sfsi_plus_gutenberg_text_before_share":"","sfsi_plus_gutenberg_show_text_before_share":"","sfsi_plus_gutenberg_icon_type":"","sfsi_plus_gutenberg_icon_alignemt":"","sfsi_plus_gutenburg_max_per_row":"","footnotes":""},"categories":[2],"tags":[],"class_list":["post-179750","post","type-post","status-publish","format-standard","has-post-thumbnail","hentry","category-geral"],"_links":{"self":[{"href":"https:\/\/www.caririemacao.com\/1\/wp-json\/wp\/v2\/posts\/179750","targetHints":{"allow":["GET"]}}],"collection":[{"href":"https:\/\/www.caririemacao.com\/1\/wp-json\/wp\/v2\/posts"}],"about":[{"href":"https:\/\/www.caririemacao.com\/1\/wp-json\/wp\/v2\/types\/post"}],"author":[{"embeddable":true,"href":"https:\/\/www.caririemacao.com\/1\/wp-json\/wp\/v2\/users\/1"}],"replies":[{"embeddable":true,"href":"https:\/\/www.caririemacao.com\/1\/wp-json\/wp\/v2\/comments?post=179750"}],"version-history":[{"count":1,"href":"https:\/\/www.caririemacao.com\/1\/wp-json\/wp\/v2\/posts\/179750\/revisions"}],"predecessor-version":[{"id":179752,"href":"https:\/\/www.caririemacao.com\/1\/wp-json\/wp\/v2\/posts\/179750\/revisions\/179752"}],"wp:featuredmedia":[{"embeddable":true,"href":"https:\/\/www.caririemacao.com\/1\/wp-json\/wp\/v2\/media\/179751"}],"wp:attachment":[{"href":"https:\/\/www.caririemacao.com\/1\/wp-json\/wp\/v2\/media?parent=179750"}],"wp:term":[{"taxonomy":"category","embeddable":true,"href":"https:\/\/www.caririemacao.com\/1\/wp-json\/wp\/v2\/categories?post=179750"},{"taxonomy":"post_tag","embeddable":true,"href":"https:\/\/www.caririemacao.com\/1\/wp-json\/wp\/v2\/tags?post=179750"}],"curies":[{"name":"wp","href":"https:\/\/api.w.org\/{rel}","templated":true}]}}