{"id":179753,"date":"2020-07-20T17:29:38","date_gmt":"2020-07-20T20:29:38","guid":{"rendered":"https:\/\/www.caririemacao.com\/1\/?p=179753"},"modified":"2020-07-20T17:29:38","modified_gmt":"2020-07-20T20:29:38","slug":"fiscais-sao-xingadas-por-turistas-em-balneario-camboriu-durante-acao-para-orientar-uso-de-mascara","status":"publish","type":"post","link":"https:\/\/www.caririemacao.com\/1\/2020\/07\/20\/fiscais-sao-xingadas-por-turistas-em-balneario-camboriu-durante-acao-para-orientar-uso-de-mascara\/","title":{"rendered":"Fiscais s\u00e3o xingadas por turistas em Balne\u00e1rio Cambori\u00fa durante a\u00e7\u00e3o para orientar uso de m\u00e1scara"},"content":{"rendered":"\n<p>Fiscais da Prefeitura de\u00a0Balne\u00e1rio Cambori\u00fa, no Litoral Norte, registraram um boletim de ocorr\u00eancia por desacato ap\u00f3s sofrer agress\u00f5es verbais de turistas que estavam sem m\u00e1scaras. O caso foi registrado no domingo (19), durante uma fiscaliza\u00e7\u00e3o pr\u00f3ximo do Molhe da Barra Sul, que est\u00e1 fechado como medida preventiva. O uso de m\u00e1scara \u00e9 obrigat\u00f3rio em locais p\u00fablicos e ambientes coletivos no\u00a0munic\u00edpio desde o dia 30 de abril.<\/p>\n\n\n\n<p>Apesar do n\u00edvel grav\u00edssimo de risco para o novo coronav\u00edrus, houve grande movimenta\u00e7\u00e3o nas praias da regi\u00e3o. O desrespeito \u00e0s regras de isolamento social foi registrado em outros casos em Balne\u00e1rio Cambori\u00fa. Entre a noite de sexta-feira (17) e a madrugada de s\u00e1bado (18), pelo menos cinco\u00a0festas em apartamentos foram interrompidas\u00a0pela fiscaliza\u00e7\u00e3o. O munic\u00edpio tem\u00a03.144 casos confirmados pelo novo coronav\u00edrus\u00a0e 30 mortos pela doen\u00e7a.<\/p>\n\n\n\n<p>Na sexta, o governo do estado publicou um\u00a0decreto espec\u00edfico para essas \u00e1reas. O documento suspendeu por 14 dias a circula\u00e7\u00e3o do transporte coletivo e a concentra\u00e7\u00e3o e perman\u00eancia de pessoais em locais p\u00fablicos de uso coletivo, como praias e parques.<\/p>\n\n\n\n<h2 class=\"wp-block-heading\">Fiscaliza\u00e7\u00e3o<\/h2>\n\n\n\n<figure class=\"wp-block-image\"><img decoding=\"async\" data-src=\"https:\/\/s2.glbimg.com\/7lRxltF34U14fxkyDL11vRaMm_c=\/18x14:548x270\/984x0\/smart\/filters:strip_icc()\/i.s3.glbimg.com\/v1\/AUTH_59edd422c0c84a879bd37670ae4f538a\/internal_photos\/bs\/2020\/A\/L\/wkFPqFRTqFtWpQjhsSgA\/desacato.jpg\" alt=\"Fiscais registraram um boletim de ocorr\u00eancia por desacato \u2014 Foto: Reprodu\u00e7\u00e3o\/ Redes sociais\" src=\"data:image\/svg+xml;base64,PHN2ZyB3aWR0aD0iMSIgaGVpZ2h0PSIxIiB4bWxucz0iaHR0cDovL3d3dy53My5vcmcvMjAwMC9zdmciPjwvc3ZnPg==\" class=\"lazyload\" \/><\/figure>\n\n\n\n<p>Fiscais registraram um boletim de ocorr\u00eancia por desacato \u2014 Foto: Reprodu\u00e7\u00e3o\/ Redes sociais<\/p>\n\n\n\n<p>Segundo o registro na pol\u00edcia, as fiscais se aproximaram de duas adolescentes, para orientar sobre a obrigatoriedade do uso de m\u00e1scara, quando foram xingadas. Elas pediram apoio da Guarda Municipal, e agentes as acompanharam at\u00e9 a fam\u00edlia das garotas.<\/p>\n\n\n\n<p>O boletim de ocorr\u00eancia registra que, abordado pela Guarda Municipal, o pai entregou m\u00e1scaras \u00e0 filha e tamb\u00e9m para a mulher e disse que n\u00e3o acataria orienta\u00e7\u00f5es das fiscais, somente dos guardas municipais.<\/p>\n\n\n\n<p>COM G1<\/p>\n","protected":false},"excerpt":{"rendered":"<p>Fiscais da Prefeitura de\u00a0Balne\u00e1rio Cambori\u00fa, no Litoral Norte, registraram um boletim de ocorr\u00eancia por desacato ap\u00f3s sofrer agress\u00f5es verbais de turistas que estavam sem m\u00e1scaras.&hellip; <\/p>\n","protected":false},"author":1,"featured_media":179754,"comment_status":"closed","ping_status":"closed","sticky":false,"template":"","format":"standard","meta":{"sfsi_plus_gutenberg_text_before_share":"","sfsi_plus_gutenberg_show_text_before_share":"","sfsi_plus_gutenberg_icon_type":"","sfsi_plus_gutenberg_icon_alignemt":"","sfsi_plus_gutenburg_max_per_row":"","footnotes":""},"categories":[50],"tags":[],"class_list":["post-179753","post","type-post","status-publish","format-standard","has-post-thumbnail","hentry","category-destaque"],"_links":{"self":[{"href":"https:\/\/www.caririemacao.com\/1\/wp-json\/wp\/v2\/posts\/179753","targetHints":{"allow":["GET"]}}],"collection":[{"href":"https:\/\/www.caririemacao.com\/1\/wp-json\/wp\/v2\/posts"}],"about":[{"href":"https:\/\/www.caririemacao.com\/1\/wp-json\/wp\/v2\/types\/post"}],"author":[{"embeddable":true,"href":"https:\/\/www.caririemacao.com\/1\/wp-json\/wp\/v2\/users\/1"}],"replies":[{"embeddable":true,"href":"https:\/\/www.caririemacao.com\/1\/wp-json\/wp\/v2\/comments?post=179753"}],"version-history":[{"count":1,"href":"https:\/\/www.caririemacao.com\/1\/wp-json\/wp\/v2\/posts\/179753\/revisions"}],"predecessor-version":[{"id":179755,"href":"https:\/\/www.caririemacao.com\/1\/wp-json\/wp\/v2\/posts\/179753\/revisions\/179755"}],"wp:featuredmedia":[{"embeddable":true,"href":"https:\/\/www.caririemacao.com\/1\/wp-json\/wp\/v2\/media\/179754"}],"wp:attachment":[{"href":"https:\/\/www.caririemacao.com\/1\/wp-json\/wp\/v2\/media?parent=179753"}],"wp:term":[{"taxonomy":"category","embeddable":true,"href":"https:\/\/www.caririemacao.com\/1\/wp-json\/wp\/v2\/categories?post=179753"},{"taxonomy":"post_tag","embeddable":true,"href":"https:\/\/www.caririemacao.com\/1\/wp-json\/wp\/v2\/tags?post=179753"}],"curies":[{"name":"wp","href":"https:\/\/api.w.org\/{rel}","templated":true}]}}