{"id":179760,"date":"2020-07-20T18:09:51","date_gmt":"2020-07-20T21:09:51","guid":{"rendered":"https:\/\/www.caririemacao.com\/1\/?p=179760"},"modified":"2020-07-20T18:11:54","modified_gmt":"2020-07-20T21:11:54","slug":"casal-de-idosos-e-filho-morrem-de-covid-19-no-rs-13-pessoas-da-familia-testaram-positivo","status":"publish","type":"post","link":"https:\/\/www.caririemacao.com\/1\/2020\/07\/20\/casal-de-idosos-e-filho-morrem-de-covid-19-no-rs-13-pessoas-da-familia-testaram-positivo\/","title":{"rendered":"Casal de idosos e filho morrem de Covid-19 no RS; 13 pessoas da fam\u00edlia testaram positivo"},"content":{"rendered":"\n<p>Um casal de idosos e o filho, de 58 anos, morreram, num intervalo de tr\u00eas dias, em decorr\u00eancia da&nbsp;Covid-19, na Serra do Rio Grande do Sul. De acordo com familiares,&nbsp;<strong>13 pessoas da fam\u00edlia testaram positivo para a doen\u00e7a<\/strong>, duas seguem internadas em hospitais de Gramado e Vacaria.<\/p>\n\n\n\n<p>O filho morava em Gramado, e os pais em uma propriedade a cerca de 50 km do centro de S\u00e3o Jos\u00e9 dos Ausentes. A cidade com 3,5 mil habitantes tem quatro casos confirmados e duas mortes por coronav\u00edrus, segundo a Secretaria Estadual da Sa\u00fade.<\/p>\n\n\n\n<p>A psic\u00f3loga Aline Padilha Rabelo, neta do casal, contou ao&nbsp;<strong>G1&nbsp;<\/strong>que, desde o in\u00edcio da pandemia, havia um&nbsp;revezamento entre os familiares&nbsp;nos cuidados com os idosos.<\/p>\n\n\n\n<p>&#8220;Todo &#8216;finde&#8217; era um filho respons\u00e1vel por vir, para fazer a lida de campo, do gado. Naquele fim de semana, era meu tio Odilon. Ele n\u00e3o tinha sintoma algum que pudesse gerar qualquer preocupa\u00e7\u00e3o ou desconfian\u00e7a&#8221;, diz Aline.<\/p>\n\n\n\n<p>Solon Gon\u00e7alves Padilha, de 88 anos,&nbsp;morreu na \u00faltima quinta-feira (16). Tr\u00eas dias depois, a esposa dele, Leonor Alano Padilha, de 84, e o filho do casal, Odilon Alano Padilha, de 58 anos, tamb\u00e9m faleceram<\/p>\n\n\n\n<p>Sem hist\u00f3rico de doen\u00e7as, o filho Odilon estava internado no Hospital de Gramado desde o dia 7 de julho. No dia 11, recebeu o diagn\u00f3stico positivo para coronav\u00edrus. De acordo com a fam\u00edlia, Solon era diab\u00e9tico e Leonor era hipertensa e card\u00edaca. Os dois foram internados no mesmo dia, no Hospital Nossa Senhora da Oliveira, em Vacaria, j\u00e1 em estado grave.<\/p>\n\n\n\n<p>A sobrinha Aline conta que Odilon teve contato com outros irm\u00e3os e cunhados no fim de junho. Os sintomas come\u00e7aram a aparecer uma semana depois.<\/p>\n\n\n\n<p>&#8220;Ele achou que era uma s\u00edndrome gripal normal, mas n\u00e3o teve melhora no quadro. Na ter\u00e7a, dia 7, ele consultou com um m\u00e9dico, que identificou uma infec\u00e7\u00e3o pulmonar e pediu que ele j\u00e1 ficasse hospitalizado. No fim da tarde foi transferido para a UTI&#8221;, conta Aline.<\/p>\n\n\n\n<p>Foi neste momento que, segundo ela, a fam\u00edlia ligou um alerta para a sa\u00fade dos idosos. &#8220;Desde o dia 4, 5, por a\u00ed, eles j\u00e1 estavam debilitados, acamados. Na sexta, dia 3, um tio levou eles em uma consulta em S\u00e3o Joaquim (SC). L\u00e1, eles fizeram um teste r\u00e1pido, que deu negativo. O m\u00e9dico deu uma medica\u00e7\u00e3o e mandou eles ficarem em casa&#8221;, comenta a psic\u00f3loga.<\/p>\n\n\n\n<p>Ap\u00f3s a interna\u00e7\u00e3o de Odilon, Aline entrou em contato com a Secretaria de Sa\u00fade de S\u00e3o Jos\u00e9 dos Ausentes para que mandassem uma ambul\u00e2ncia e fizessem uma avalia\u00e7\u00e3o m\u00e9dica nos av\u00f3s.<\/p>\n\n\n\n<p>&#8220;O m\u00e9dico entendeu a necessidade de eles serem hospitalizados, e foram levados para Vacaria. Existia a hip\u00f3tese de que poderiam estar com Covid, ent\u00e3o iniciaram o tratamento. Quatro dias depois, o teste RT-PCR deu positivo para ambos&#8221;, conta.<\/p>\n\n\n\n<figure class=\"wp-block-image\"><img decoding=\"async\" data-src=\"https:\/\/s2.glbimg.com\/8YWlbtIJ5vxs2kLomJ77hn9sFiQ=\/0x0:984x894\/984x0\/smart\/filters:strip_icc()\/i.s3.glbimg.com\/v1\/AUTH_59edd422c0c84a879bd37670ae4f538a\/internal_photos\/bs\/2020\/i\/A\/0ucmwKR4aogWr5nez0og\/odilon-rodrigo.jpeg\" alt=\"Odilon (esquerda) e o filho Rodrigo (direita). \u2014 Foto: Arquivo pessoal\" src=\"data:image\/svg+xml;base64,PHN2ZyB3aWR0aD0iMSIgaGVpZ2h0PSIxIiB4bWxucz0iaHR0cDovL3d3dy53My5vcmcvMjAwMC9zdmciPjwvc3ZnPg==\" class=\"lazyload\" \/><\/figure>\n\n\n\n<p>Odilon (esquerda) e o filho Rodrigo (direita). \u2014 Foto: Arquivo pessoal<\/p>\n\n\n\n<h2 class=\"wp-block-heading\">Fam\u00edlia testou positivo<\/h2>\n\n\n\n<p>Segundo a psic\u00f3loga, foram 13 casos positivos na fam\u00edlia. &#8220;Alguns j\u00e1 tiveram e n\u00e3o t\u00eam mais transmiss\u00e3o. Outros foram hospitalizados, mas receberam alta, fora os dois que est\u00e3o no hospital&#8221;, elenca.<\/p>\n\n\n\n<p>Aline ressalta que a fam\u00edlia n\u00e3o realizou nenhuma reuni\u00e3o recentemente. &#8220;Muitas pessoas est\u00e3o falando que todos se reuniram no anivers\u00e1rio do meu av\u00f4, mas isso n\u00e3o \u00e9 verdade. A \u00faltima ocasi\u00e3o em que eles estiveram juntos, apenas com os filhos, foi no Dia das M\u00e3es&#8221;, garante.<\/p>\n\n\n\n<p>Rodrigo Miola Padilha, filho e neto das v\u00edtimas, tamb\u00e9m testou positivo para a doen\u00e7a, mas n\u00e3o apresentou sintomas graves e \u00e9 considerado recuperado. Ele acredita que a evolu\u00e7\u00e3o da doen\u00e7a no pai tenha sido pela demora em buscar atendimento.<\/p>\n\n\n\n<p>&#8220;Ele estava com sintomas, mas n\u00e3o queria ir ao m\u00e9dico. N\u00e3o era adepto a medicamentos farmac\u00eauticos. Tomava ch\u00e1, mel, lim\u00e3o, gengibre. Eventualmente, quando dava uma gripe nele, fazia isso e tava bom. S\u00f3 que dessa vez complicou demais. Quando foi consultar, os pulm\u00f5es e rins j\u00e1 estavam muito comprometidos&#8221;, relata.<\/p>\n\n\n\n<blockquote class=\"wp-block-quote is-layout-flow wp-block-quote-is-layout-flow\"><p>&#8220;Nem no meu pior pesadelo esperava passar por isso. \u00c9 uma dor muito ruim, uma tristeza que n\u00e3o tem como descrever&#8221;, diz Rodrigo.<\/p><\/blockquote>\n\n\n\n<p>O pai de Aline tamb\u00e9m teve diagn\u00f3stico positivo, mas est\u00e1 em isolamento domiciliar sem apresentar sintomas. Mesmo com o momento dif\u00edcil, a fam\u00edlia n\u00e3o perde a f\u00e9.<\/p>\n\n\n\n<blockquote class=\"wp-block-quote is-layout-flow wp-block-quote-is-layout-flow\"><p>&#8220;Apesar da preocupa\u00e7\u00e3o e ang\u00fastia por n\u00e3o ter um medicamento espec\u00edfico para essa doen\u00e7a, estamos muito confiantes que eles v\u00e3o sair bem. Estamos com muita f\u00e9&#8221;, finaliza Aline.<\/p><\/blockquote>\n\n\n\n<figure class=\"wp-block-image\"><img decoding=\"async\" data-src=\"https:\/\/s04.video.glbimg.com\/x240\/8513231.jpg\" alt=\"Entenda algumas das express\u00f5es mais usadas na pandemia do covid-19\" title=\"Entenda algumas das express\u00f5es mais usadas na pandemia do covid-19\" src=\"data:image\/svg+xml;base64,PHN2ZyB3aWR0aD0iMSIgaGVpZ2h0PSIxIiB4bWxucz0iaHR0cDovL3d3dy53My5vcmcvMjAwMC9zdmciPjwvc3ZnPg==\" class=\"lazyload\" \/><\/figure>\n\n\n\n<p>com g1<\/p>\n","protected":false},"excerpt":{"rendered":"<p>Um casal de idosos e o filho, de 58 anos, morreram, num intervalo de tr\u00eas dias, em decorr\u00eancia da&nbsp;Covid-19, na Serra do Rio Grande do&hellip; <\/p>\n","protected":false},"author":1,"featured_media":179763,"comment_status":"closed","ping_status":"closed","sticky":false,"template":"","format":"standard","meta":{"sfsi_plus_gutenberg_text_before_share":"","sfsi_plus_gutenberg_show_text_before_share":"","sfsi_plus_gutenberg_icon_type":"","sfsi_plus_gutenberg_icon_alignemt":"","sfsi_plus_gutenburg_max_per_row":"","footnotes":""},"categories":[50],"tags":[],"class_list":["post-179760","post","type-post","status-publish","format-standard","has-post-thumbnail","hentry","category-destaque"],"_links":{"self":[{"href":"https:\/\/www.caririemacao.com\/1\/wp-json\/wp\/v2\/posts\/179760","targetHints":{"allow":["GET"]}}],"collection":[{"href":"https:\/\/www.caririemacao.com\/1\/wp-json\/wp\/v2\/posts"}],"about":[{"href":"https:\/\/www.caririemacao.com\/1\/wp-json\/wp\/v2\/types\/post"}],"author":[{"embeddable":true,"href":"https:\/\/www.caririemacao.com\/1\/wp-json\/wp\/v2\/users\/1"}],"replies":[{"embeddable":true,"href":"https:\/\/www.caririemacao.com\/1\/wp-json\/wp\/v2\/comments?post=179760"}],"version-history":[{"count":2,"href":"https:\/\/www.caririemacao.com\/1\/wp-json\/wp\/v2\/posts\/179760\/revisions"}],"predecessor-version":[{"id":179764,"href":"https:\/\/www.caririemacao.com\/1\/wp-json\/wp\/v2\/posts\/179760\/revisions\/179764"}],"wp:featuredmedia":[{"embeddable":true,"href":"https:\/\/www.caririemacao.com\/1\/wp-json\/wp\/v2\/media\/179763"}],"wp:attachment":[{"href":"https:\/\/www.caririemacao.com\/1\/wp-json\/wp\/v2\/media?parent=179760"}],"wp:term":[{"taxonomy":"category","embeddable":true,"href":"https:\/\/www.caririemacao.com\/1\/wp-json\/wp\/v2\/categories?post=179760"},{"taxonomy":"post_tag","embeddable":true,"href":"https:\/\/www.caririemacao.com\/1\/wp-json\/wp\/v2\/tags?post=179760"}],"curies":[{"name":"wp","href":"https:\/\/api.w.org\/{rel}","templated":true}]}}