{"id":179769,"date":"2020-07-20T18:29:03","date_gmt":"2020-07-20T21:29:03","guid":{"rendered":"https:\/\/www.caririemacao.com\/1\/?p=179769"},"modified":"2020-07-20T18:29:03","modified_gmt":"2020-07-20T21:29:03","slug":"desembargador-reduz-fianca-de-pai-de-adolescente-que-matou-amiga-com-tiro-acidental-de-r-209-mil-para-r-10-mil-em-mt","status":"publish","type":"post","link":"https:\/\/www.caririemacao.com\/1\/2020\/07\/20\/desembargador-reduz-fianca-de-pai-de-adolescente-que-matou-amiga-com-tiro-acidental-de-r-209-mil-para-r-10-mil-em-mt\/","title":{"rendered":"Desembargador reduz fian\u00e7a de pai de adolescente que matou amiga com tiro acidental de R$ 209 mil para R$ 10 mil em MT"},"content":{"rendered":"\n<p>O desembargador do Tribunal de Justi\u00e7a de Mato Grosso (TJMT), Rondon Bassil Dower Filho, derrubou nesse domingo (19)\u00a0a decis\u00e3o que determinou fian\u00e7a de R$ 209 mil para o pai\u00a0da adolescente que matou a amiga Isabele Guimar\u00e3es, com um tiro acidental, no dia 12 de jullho, em Cuiab\u00e1.<\/p>\n\n\n\n<p>O empres\u00e1rio havia sido preso em flagrante por posse ilegal de arma e foi solto ap\u00f3s pagar fian\u00e7a de R$ 1 mil.<\/p>\n\n\n\n<p>Com a decis\u00e3o de Bassil, a fian\u00e7a caiu de R$ 209 mil para R$ 10 mil. O juiz da 10\u00aa Vara Criminal de Cuiab\u00e1 deve intimar o pai da adolescente e manter o valor da fian\u00e7a.<\/p>\n\n\n\n<figure class=\"wp-block-image\"><img decoding=\"async\" data-src=\"https:\/\/s2.glbimg.com\/DevssttGTsh3sUuJhx4JaWVU5cA=\/0x0:1024x768\/984x0\/smart\/filters:strip_icc()\/i.s3.glbimg.com\/v1\/AUTH_59edd422c0c84a879bd37670ae4f538a\/internal_photos\/bs\/2020\/D\/N\/SIuiPqRiA5j5jGnYI8tg\/whatsapp-image-2020-07-20-at-07.06.14-1-.jpeg\" alt=\"Amigos e familiares deixaram flores e homenagens em cal\u00e7ada de casa onde adolescente foi morta por tiro acidental em Cuiab\u00e1 \u2014 Foto: Arquivo pessoal\" src=\"data:image\/svg+xml;base64,PHN2ZyB3aWR0aD0iMSIgaGVpZ2h0PSIxIiB4bWxucz0iaHR0cDovL3d3dy53My5vcmcvMjAwMC9zdmciPjwvc3ZnPg==\" class=\"lazyload\" \/><\/figure>\n\n\n\n<p>Amigos e familiares deixaram flores e homenagens em cal\u00e7ada de casa onde adolescente foi morta por tiro acidental em Cuiab\u00e1 \u2014 Foto: Arquivo pessoal<\/p>\n\n\n\n<p>Amigos e familiares da adolescente deixaram flores, homenagens e bichos de pel\u00facia na cal\u00e7ada da casa onde o caso aconteceu.<\/p>\n\n\n\n<p>A homenagem ocorreu nesse domingo (19), uma semana ap\u00f3s a morte da garota. Em entrevista ao Fant\u00e1stico,\u00a0a m\u00e3e de Isabele declarou que a \u2018filha foi fazer um bolo e saiu carregada pelo IML\u2019.<\/p>\n\n\n\n<h2 class=\"wp-block-heading\">O caso<\/h2>\n\n\n\n<p>A casa da adolescente envolvida na morte foi alvo de uma a\u00e7\u00e3o policial na sexta-feira (17).<\/p>\n\n\n\n<figure class=\"wp-block-image\"><img decoding=\"async\" data-src=\"https:\/\/s2.glbimg.com\/L-Ke8jsj94siAI-WKauZ4BX-L1k=\/0x0:412x448\/984x0\/smart\/filters:strip_icc()\/i.s3.glbimg.com\/v1\/AUTH_59edd422c0c84a879bd37670ae4f538a\/internal_photos\/bs\/2020\/3\/I\/xAfxa6SOaSjmcWUieAQQ\/whatsapp-image-2020-07-13-at-08.03.01.jpeg\" alt=\"Isabele Guimar\u00e3es Rosa, de 14 anos, morreu ao ser atingida por tiro na cabe\u00e7a em Cuiab\u00e1 \u2014 Foto: Instagram\/Reprodu\u00e7\u00e3o\" src=\"data:image\/svg+xml;base64,PHN2ZyB3aWR0aD0iMSIgaGVpZ2h0PSIxIiB4bWxucz0iaHR0cDovL3d3dy53My5vcmcvMjAwMC9zdmciPjwvc3ZnPg==\" class=\"lazyload\" \/><\/figure>\n\n\n\n<p>Isabele Guimar\u00e3es Rosa, de 14 anos, morreu ao ser atingida por tiro na cabe\u00e7a em Cuiab\u00e1 \u2014 Foto: Instagram\/Reprodu\u00e7\u00e3o<\/p>\n\n\n\n<p>Equipes da Delegacia Especializada do Adolescente de Cuiab\u00e1 (DEA) e da Delegacia Especializada de Defesa da Crian\u00e7a e do Adolescente (Deddica) cumprem mandados de busca na resid\u00eancia do condom\u00ednio onde ocorreu a morte da adolescente.<\/p>\n\n\n\n<p>Segundo o advogado da fam\u00edlia, o pai da adolescente suspeita do disparo estava na parte inferior e pediu para que a filha guardasse a arma no andar superior, onde estava Isabele.<\/p>\n\n\n\n<p>A adolescente pegou o case \u2013 uma maleta onde estavam duas armas \u2013 e subiu obedecendo ao pai. Apesar de estar guardada, a arma estava carregada.<\/p>\n\n\n\n<p>Em seguida, o objeto teria ca\u00eddo e a adolescente tentou guardar de volta no case quando o disparo ocorreu.<\/p>\n\n\n\n<figure class=\"wp-block-image\"><img decoding=\"async\" data-src=\"https:\/\/s2.glbimg.com\/py8mBeQCQf3ZHUcTfzBVjPCR2F0=\/0x0:1280x720\/984x0\/smart\/filters:strip_icc()\/i.s3.glbimg.com\/v1\/AUTH_59edd422c0c84a879bd37670ae4f538a\/internal_photos\/bs\/2020\/f\/w\/WAfL0VQ0Wnw5SAygSJxQ\/whatsapp-image-2020-07-17-at-08.40.51.jpeg\" alt=\"Pol\u00edcia recolheu imagens das c\u00e2meras de seguran\u00e7a e celulares da fam\u00edlia em Cuiab\u00e1 \u2014 Foto: Ianara Garcia\/TVCA\" src=\"data:image\/svg+xml;base64,PHN2ZyB3aWR0aD0iMSIgaGVpZ2h0PSIxIiB4bWxucz0iaHR0cDovL3d3dy53My5vcmcvMjAwMC9zdmciPjwvc3ZnPg==\" class=\"lazyload\" \/><\/figure>\n\n\n\n<p>Pol\u00edcia recolheu imagens das c\u00e2meras de seguran\u00e7a e celulares da fam\u00edlia em Cuiab\u00e1 \u2014 Foto: Ianara Garcia\/TVCA<\/p>\n\n\n\n<p>As buscas tamb\u00e9m s\u00e3o realizadas na resid\u00eancia do pai do namorado da adolescente envolvida na ocorr\u00eancia, que \u00e9 propriet\u00e1rio de duas armas que estavam na casa onde ocorreu a morte da adolescente.<\/p>\n\n\n\n<h2 class=\"wp-block-heading\">Pris\u00e3o do pai<\/h2>\n\n\n\n<p>O pai da menina, que tinha sete armas na resid\u00eancia, tamb\u00e9m foi ouvido pela pol\u00edcia.\u00a0Ele chegou a ser preso por n\u00e3o ter documento de duas armas, mas foi liberado ap\u00f3s pagar fian\u00e7a de R$ 1 mil.<\/p>\n\n\n\n<p>O advogado da fam\u00edlia, Rodrigo Pouso, disse ao G1 que a arma pertence ao sogro da jovem que fez o tiro acidental. A pris\u00e3o de Marcelo ocorreu justamente porque ele n\u00e3o tinha documentos dessa pistola que n\u00e3o \u00e9 dele.<\/p>\n\n\n\n<h2 class=\"wp-block-heading\">Entenda o caso<\/h2>\n\n\n\n<p>A situa\u00e7\u00e3o ocorreu na noite do dia 12 de julho em condom\u00ednio de luxo, localizado no bairro Jardim It\u00e1lia. A jovem que atirou tem a mesma idade da v\u00edtima e pegou a arma do pai dela, que \u00e9 atirador esportivo.<\/p>\n\n\n\n<p>Uma ambul\u00e2ncia do Servi\u00e7o de Atendimento M\u00f3vel de Urg\u00eancia (Samu) foi ao local, mas ela j\u00e1 havia morrido. Ela foi encontrada no banheiro da resid\u00eancia.<\/p>\n\n\n\n<p>Isabele era filha do m\u00e9dico neurocirurgi\u00e3o Jony Soares Ramos, de 49 anos, que morreu em um acidente, em junho de 2018 na Rodovia Emanuel Pinheiro (MT-251), em Cuiab\u00e1. Ele pilotava uma motocicleta e atropelou uma vaca.<\/p>\n\n\n\n<p>COM G1<\/p>\n","protected":false},"excerpt":{"rendered":"<p>O desembargador do Tribunal de Justi\u00e7a de Mato Grosso (TJMT), Rondon Bassil Dower Filho, derrubou nesse domingo (19)\u00a0a decis\u00e3o que determinou fian\u00e7a de R$ 209&hellip; <\/p>\n","protected":false},"author":1,"featured_media":179770,"comment_status":"closed","ping_status":"closed","sticky":false,"template":"","format":"standard","meta":{"sfsi_plus_gutenberg_text_before_share":"","sfsi_plus_gutenberg_show_text_before_share":"","sfsi_plus_gutenberg_icon_type":"","sfsi_plus_gutenberg_icon_alignemt":"","sfsi_plus_gutenburg_max_per_row":"","footnotes":""},"categories":[50],"tags":[],"class_list":["post-179769","post","type-post","status-publish","format-standard","has-post-thumbnail","hentry","category-destaque"],"_links":{"self":[{"href":"https:\/\/www.caririemacao.com\/1\/wp-json\/wp\/v2\/posts\/179769","targetHints":{"allow":["GET"]}}],"collection":[{"href":"https:\/\/www.caririemacao.com\/1\/wp-json\/wp\/v2\/posts"}],"about":[{"href":"https:\/\/www.caririemacao.com\/1\/wp-json\/wp\/v2\/types\/post"}],"author":[{"embeddable":true,"href":"https:\/\/www.caririemacao.com\/1\/wp-json\/wp\/v2\/users\/1"}],"replies":[{"embeddable":true,"href":"https:\/\/www.caririemacao.com\/1\/wp-json\/wp\/v2\/comments?post=179769"}],"version-history":[{"count":1,"href":"https:\/\/www.caririemacao.com\/1\/wp-json\/wp\/v2\/posts\/179769\/revisions"}],"predecessor-version":[{"id":179771,"href":"https:\/\/www.caririemacao.com\/1\/wp-json\/wp\/v2\/posts\/179769\/revisions\/179771"}],"wp:featuredmedia":[{"embeddable":true,"href":"https:\/\/www.caririemacao.com\/1\/wp-json\/wp\/v2\/media\/179770"}],"wp:attachment":[{"href":"https:\/\/www.caririemacao.com\/1\/wp-json\/wp\/v2\/media?parent=179769"}],"wp:term":[{"taxonomy":"category","embeddable":true,"href":"https:\/\/www.caririemacao.com\/1\/wp-json\/wp\/v2\/categories?post=179769"},{"taxonomy":"post_tag","embeddable":true,"href":"https:\/\/www.caririemacao.com\/1\/wp-json\/wp\/v2\/tags?post=179769"}],"curies":[{"name":"wp","href":"https:\/\/api.w.org\/{rel}","templated":true}]}}