{"id":17977,"date":"2017-04-18T10:48:24","date_gmt":"2017-04-18T13:48:24","guid":{"rendered":"http:\/\/caririemacao.com\/1\/?p=17977"},"modified":"2017-04-18T10:49:05","modified_gmt":"2017-04-18T13:49:05","slug":"saude-de-sume-inicia-vacinacao-contra-a-gripe","status":"publish","type":"post","link":"https:\/\/www.caririemacao.com\/1\/2017\/04\/18\/saude-de-sume-inicia-vacinacao-contra-a-gripe\/","title":{"rendered":"Sa\u00fade de Sum\u00e9 inicia vacina\u00e7\u00e3o contra a gripe"},"content":{"rendered":"<p>A Secretaria de Sa\u00fade de Sum\u00e9 deu in\u00edcio \u00e0 campanha de vacina\u00e7\u00e3o contra a gripe.<\/p>\n<p>A vacina est\u00e1 sendo oferecida em todas as unidades de sa\u00fade, de acordo com o cronograma para cada popula\u00e7\u00e3o e grupos priorit\u00e1rios.<\/p>\n<p><a href=\"http:\/\/caririemacao.com\/1\/wp-content\/uploads\/2017\/04\/IMG-20160430-WA0035.jpg\"><img fetchpriority=\"high\" decoding=\"async\" class=\"aligncenter wp-image-17979 size-large\" src=\"http:\/\/caririemacao.com\/1\/wp-content\/uploads\/2017\/04\/IMG-20160430-WA0035-1024x576.jpg\" alt=\"IMG-20160430-WA0035\" width=\"800\" height=\"450\" srcset=\"https:\/\/www.caririemacao.com\/1\/wp-content\/uploads\/2017\/04\/IMG-20160430-WA0035-1024x576.jpg 1024w, https:\/\/www.caririemacao.com\/1\/wp-content\/uploads\/2017\/04\/IMG-20160430-WA0035-300x169.jpg 300w, https:\/\/www.caririemacao.com\/1\/wp-content\/uploads\/2017\/04\/IMG-20160430-WA0035-768x432.jpg 768w, https:\/\/www.caririemacao.com\/1\/wp-content\/uploads\/2017\/04\/IMG-20160430-WA0035.jpg 1280w\" sizes=\"(max-width: 800px) 100vw, 800px\" \/><\/a><\/p>\n<p>Nesta semana come\u00e7aram a ser vacinados os trabalhadores de sa\u00fade e as gestantes.<\/p>\n<p>Para quem faz parte deste grupo, deve se dirigir a uma unidade de sa\u00fade para se vacinar contra a gripe.<\/p>\n<p><strong>Confira o cronograma da campanha:<\/strong><\/p>\n<p>&#8211; De 17 de abril a 26 de maio: trabalhadores de sa\u00fade e gestantes;<\/p>\n<p>&#8211; De 24 de abril a 26 de maio: pu\u00e9rperas (at\u00e9 45 dias ap\u00f3s o parto), crian\u00e7as de seis meses a menores de 5 anos de idade e idosos;<\/p>\n<p>&#8211; De 01 a 26 de maio: acamados;<\/p>\n<p>&#8211; De 08 a 26 de maio: professores (escolas p\u00fablicas e privadas) e pessoas portadoras de doen\u00e7as cr\u00f4nicas.<\/p>\n<p><strong>CARIRI EM A\u00c7\u00c3O<\/strong><\/p>\n<p>Ascom PMS<\/p>\n<p>Leia mais not\u00edcias em\u00a0<a href=\"http:\/\/www.caririemacao.com\/\">caririemacao.com<\/a>, siga nossa p\u00e1gina no<a href=\"https:\/\/www.facebook.com\/CaririEmAcao\/\">\u00a0Facebook<\/a>\u00a0e\u00a0<a href=\"https:\/\/www.instagram.com\/cariri_em_acao\/?hl=pt-br\">Instagram<\/a>\u00a0veja nossas mat\u00e9rias e fotos. Voc\u00ea tamb\u00e9m pode enviar informa\u00e7\u00f5es \u00e0 Reda\u00e7\u00e3o do Portal Cariri em A\u00e7\u00e3o pelo WhatsApp (83) 9 9634.5791, (83) 9 9601-1162.<\/p>\n","protected":false},"excerpt":{"rendered":"<p>A Secretaria de Sa\u00fade de Sum\u00e9 deu in\u00edcio \u00e0 campanha de vacina\u00e7\u00e3o contra a gripe. A vacina est\u00e1 sendo oferecida em todas as unidades de&hellip; <\/p>\n","protected":false},"author":2,"featured_media":17978,"comment_status":"closed","ping_status":"closed","sticky":false,"template":"","format":"standard","meta":{"sfsi_plus_gutenberg_text_before_share":"","sfsi_plus_gutenberg_show_text_before_share":"","sfsi_plus_gutenberg_icon_type":"","sfsi_plus_gutenberg_icon_alignemt":"","sfsi_plus_gutenburg_max_per_row":"","footnotes":""},"categories":[6],"tags":[],"class_list":["post-17977","post","type-post","status-publish","format-standard","has-post-thumbnail","hentry","category-cidades"],"_links":{"self":[{"href":"https:\/\/www.caririemacao.com\/1\/wp-json\/wp\/v2\/posts\/17977","targetHints":{"allow":["GET"]}}],"collection":[{"href":"https:\/\/www.caririemacao.com\/1\/wp-json\/wp\/v2\/posts"}],"about":[{"href":"https:\/\/www.caririemacao.com\/1\/wp-json\/wp\/v2\/types\/post"}],"author":[{"embeddable":true,"href":"https:\/\/www.caririemacao.com\/1\/wp-json\/wp\/v2\/users\/2"}],"replies":[{"embeddable":true,"href":"https:\/\/www.caririemacao.com\/1\/wp-json\/wp\/v2\/comments?post=17977"}],"version-history":[{"count":0,"href":"https:\/\/www.caririemacao.com\/1\/wp-json\/wp\/v2\/posts\/17977\/revisions"}],"wp:featuredmedia":[{"embeddable":true,"href":"https:\/\/www.caririemacao.com\/1\/wp-json\/wp\/v2\/media\/17978"}],"wp:attachment":[{"href":"https:\/\/www.caririemacao.com\/1\/wp-json\/wp\/v2\/media?parent=17977"}],"wp:term":[{"taxonomy":"category","embeddable":true,"href":"https:\/\/www.caririemacao.com\/1\/wp-json\/wp\/v2\/categories?post=17977"},{"taxonomy":"post_tag","embeddable":true,"href":"https:\/\/www.caririemacao.com\/1\/wp-json\/wp\/v2\/tags?post=17977"}],"curies":[{"name":"wp","href":"https:\/\/api.w.org\/{rel}","templated":true}]}}