{"id":179780,"date":"2020-07-21T06:26:29","date_gmt":"2020-07-21T09:26:29","guid":{"rendered":"https:\/\/www.caririemacao.com\/1\/?p=179780"},"modified":"2020-07-21T06:26:29","modified_gmt":"2020-07-21T09:26:29","slug":"paraiba-tem-298-novos-casos-de-covid-19-registrados-em-24-horas-total-de-mortes-chega-a-1-517-e-67-680-infectados","status":"publish","type":"post","link":"https:\/\/www.caririemacao.com\/1\/2020\/07\/21\/paraiba-tem-298-novos-casos-de-covid-19-registrados-em-24-horas-total-de-mortes-chega-a-1-517-e-67-680-infectados\/","title":{"rendered":"Para\u00edba tem 298 novos casos de Covid-19 registrados em 24 horas; total de mortes chega a 1.517 e 67.680 infectados"},"content":{"rendered":"\n<h1 class=\"wp-block-heading\"><\/h1>\n\n\n\n<p>A Para\u00edba registrou 298 novos casos de Covid-19 e 31 \u00f3bitos confirmados desde a \u00faltima atualiza\u00e7\u00e3o, sendo 10 deles ocorridos nas \u00faltimas 24 horas. De acordo com o boletim epidemiol\u00f3gico divulgado pela Secretaria de Estado da Sa\u00fade nesta segunda-feira (20), 67.680 pessoas j\u00e1 contra\u00edram a doen\u00e7a, 24.486&nbsp; j\u00e1 se recuperaram e 1.517 faleceram.&nbsp;<\/p>\n\n\n\n<ul class=\"wp-block-list\"><li>Casos Confirmados: 67.680<\/li><li>Casos Descartados: 76.190<\/li><li>\u00d3bitos confirmados: 1.517<\/li><li>Casos recuperados: 24.486<\/li><li>Total de munic\u00edpios: 221&nbsp;<\/li><\/ul>\n\n\n\n<p>O baixo n\u00famero de notifica\u00e7\u00e3o de casos nos \u00faltimos dias s\u00e3o reflexo da instabilidade no sistema de notifica\u00e7\u00e3o, em manuten\u00e7\u00e3o desde o \u00faltimo dia 15, segundo informa\u00e7\u00f5es do Datasus. At\u00e9 o momento, 199.058 testes para diagn\u00f3stico da Covid-19 j\u00e1 foram realizados.&nbsp;<\/p>\n\n\n\n<p><strong>LEIA MAIS<\/strong>:&nbsp;<a href=\"https:\/\/www.clickpb.com.br\/saude\/5-da-populacao-paraibana-ja-foi-testada-para-covid-19-revela-joao-azevedo-287957.html\">5% da popula\u00e7\u00e3o paraibana j\u00e1 foi testada para covid-19, revela Jo\u00e3o Azev\u00eado<\/a><\/p>\n\n\n\n<p>A ocupa\u00e7\u00e3o total de leitos de UTI (adulto, pedi\u00e1trico e obst\u00e9trico) em todo o estado \u00e9 de 49%.&nbsp;<\/p>\n\n\n\n<p>Fazendo um recorte apenas dos leitos de UTI para adultos na Regi\u00e3o Metropolitana de Jo\u00e3o Pessoa, a taxa de ocupa\u00e7\u00e3o chega a 54%.&nbsp;<\/p>\n\n\n\n<p>Em Campina Grande, est\u00e3o ocupados 44% dos leitos de UTI adulto e no sert\u00e3o, 58% dos leitos de UTI para adultos.&nbsp;&nbsp;<\/p>\n\n\n\n<p>O \u00edndice de Isolamento Social foi de apenas 46,3%, considerado baixo em&nbsp; rela\u00e7\u00e3o \u00e0 meta de 70% e \u00e0 m\u00ednima de 50%.&nbsp;<\/p>\n\n\n\n<p>Os casos confirmados est\u00e3o distribu\u00eddos por 221 dos 223 munic\u00edpios paraibanos:<\/p>\n\n\n\n<p>\u00c1gua Branca (43); Aguiar (20); Alagoa Grande (634); Alagoa Nova (220); Alagoinha (619); Alcantil (26); Algod\u00e3o de Janda\u00edra (4); Alhandra (468); Amparo (13); Aparecida (49); Ara\u00e7agi (396); Arara (140); Araruna (176); Areia (219); Areia de Bara\u00fanas (7); Areial (37); Aroeiras (142); Assun\u00e7\u00e3o (31); Baia da Trai\u00e7\u00e3o (360); Bananeiras (114); Bara\u00fana (120); Barra de Santa Rosa (32); Barra de Santana (72); Barra de S\u00e3o Miguel (23); Bayeux (1162); Bel\u00e9m (550); Bel\u00e9m do Brejo do Cruz (16); Bernardino Batista (4); Boa Ventura (3); Boa Vista (62); Bom Jesus (8); Bom Sucesso (9); Bonito de Santa F\u00e9 (10); Boqueir\u00e3o (235); Borborema (7); Brejo do Cruz (177); Brejo dos Santos (15); Caapor\u00e3 (848); Cabaceiras (37); Cabedelo (2145); Cachoeira dos \u00cdndios (54); Cacimba de Areia (7); Cacimba de Dentro (102); Cacimbas (41); Cai\u00e7ara (317); Cajazeiras (1019); Cajazeirinhas (4); Caldas Brand\u00e3o (129); Camala\u00fa (1); Campina Grande (9157); Capim (130); Cara\u00fabas (30); Carrapateira (28); Casserengue (168); Catingueira (16), Catol\u00e9 do Rocha (204); Caturit\u00e9 (64); Concei\u00e7\u00e3o (181); Condado (99); Conde (563); Congo (42); Coremas (74); Coxixola (16); Cruz do Esp\u00edrito Santo (248); Cubati (62); Cuit\u00e9 (130); Cuit\u00e9 de Mamanguape (83); Cuiteg\u00ed (242); Curral de Cima (19); Curral Velho (1), Dami\u00e3o (6); Desterro (43); Diamante (4); Dona In\u00eas (52); Duas Estradas (47); Emas (12); Esperan\u00e7a (346); Fagundes (73); Frei Martinho (5); Gado Bravo (77); Guarabira (2894); Gurinh\u00e9m (307); Gurj\u00e3o (19); Ibiara (18); Igaracy (4); Imaculada (32); Ing\u00e1 (641); Itabaiana (892); Itaporanga (79); Itapororoca (452); Itatuba (228); Jacara\u00fa (185); Jeric\u00f3 (5); Jo\u00e3o Pessoa (17.869); Joca Claudino (2); Juarez T\u00e1vora (226); Juazeirinho (133); Junco do Serid\u00f3 (32); Juripiranga (347); Juru (16); Lagoa (4); Lagoa de Dentro (85); Lagoa Seca (512); Lastro (15); Livramento (58); Logradouro (110); Lucena (247); M\u00e3e d&#8217;\u00c1gua (16); Malta (32); Mamanguape (1743); Mana\u00edra (9); Marca\u00e7\u00e3o (139); Mari (751); Mariz\u00f3polis (12); Massaranduba (248); Mataraca (142); Matinhas (65); Mato Grosso (9); Matureia (25); Mogeiro (112); Montadas (36); Monte Horebe (3); Monteiro (187); Mulungu (252); Natuba (48); Nazarezinho (13); Nova Floresta (38), Nova Olinda (9); Nova Palmeira (40); Olho D\u00b4\u00c1gua (36); Olivedos (51);&nbsp; Parari (5); Passagem (30); Patos (2154); Paulista (81); Pedra Branca (1); Pedra Lavrada (30); Pedras de Fogo (1124); Pedro R\u00e9gis (35); Pianc\u00f3 (107); Picu\u00ed (144); Pilar (219); Pil\u00f5es (58); Pil\u00f5ezinhos (193); Pirpirituba (168); Pitimbu (551); Pocinhos (79);&nbsp; Po\u00e7o Dantas (4); Po\u00e7o de Jos\u00e9 Moura (2); Pombal (237); Prata (3); Princesa Isabel (48); Puxinan\u00e3 (219);&nbsp; Queimadas (733); Quixaba (26); Rem\u00edgio (192); Riach\u00e3o (43); Riach\u00e3o do Bacamarte (199);&nbsp; Riach\u00e3o do Po\u00e7o (58); Riacho de Santo Ant\u00f4nio (20); Riacho dos Cavalos (6); Rio Tinto (754); Salgadinho (13); Salgado de S\u00e3o Felix (154); Santa Cec\u00edlia (49); Santa Cruz (16); Santa Helena (14); Santa In\u00eas (30);&nbsp; Santa Luzia (187); Santa Rita (1775); Santa Terezinha (46); Santana de Mangueira (5); Santana dos Garrotes (10); Santo Andr\u00e9 (12); S\u00e3o Bentinho (35); S\u00e3o Bento (875); S\u00e3o Domingos do Cariri (37);&nbsp; S\u00e3o Francisco (23);&nbsp; S\u00e3o Jo\u00e3o do Cariri (71); S\u00e3o Jo\u00e3o do Rio do Peixe (127); S\u00e3o Jo\u00e3o do Tigre (5); S\u00e3o Jos\u00e9 da Lagoa Tapada (34); S\u00e3o Jos\u00e9 de Caiana (32); S\u00e3o Jos\u00e9 de Espinharas (12); S\u00e3o Jos\u00e9 de Piranhas (84); S\u00e3o Jos\u00e9 de Princesa (1); S\u00e3o Jos\u00e9 do Bonfim (53); S\u00e3o Jos\u00e9 do Brejo do Cruz (5); S\u00e3o Jos\u00e9 do Sabugi (182); S\u00e3o Jos\u00e9 dos Cordeiros (10); S\u00e3o Jos\u00e9 dos Ramos (171); S\u00e3o Mamede (35); S\u00e3o Miguel de Taipu (91); S\u00e3o Sebasti\u00e3o de Lagoa de Ro\u00e7a (158); S\u00e3o Sebasti\u00e3o do Umbuzeiro (5); S\u00e3o Vicente do Serid\u00f3 (42); Sap\u00e9 (714); Serra Branca (107); Serra da Ra\u00edz (14); Serra Grande (8); Serra Redonda (167); Serraria (72); Sert\u00e3ozinho (82); Sobrado (146); Sol\u00e2nea (232); Soledade (110); Sossego (8), Sousa (925); Sum\u00e9 (129); Tacima (93); Tapero\u00e1 (53); Tavares (48); Teixeira (106); Ten\u00f3rio (14); Triunfo (27); Uira\u00fana (36); Umbuzeiro (59); V\u00e1rzea (11); Vieir\u00f3polis (4); Vista Serrana (3), Zabel\u00ea (13).<\/p>\n\n\n\n<p>*Dados oficiais preliminares (fonte: SIM,e-sus VE e SIVEP) extra\u00eddos \u00e0s 10h do dia 19\/07, sujeitos a altera\u00e7\u00e3o por parte dos munic\u00edpios.<\/p>\n\n\n\n<p>Dos 31 \u00f3bitos registrados, 41,93% ocorreram nas \u00faltimas 48h e 58,07% entre os dias 21 de abril e 16 de julho:<\/p>\n\n\n\n<p>Mulher, 104 anos, residente em Alagoinha. Portadora de cardiopatia. In\u00edcio dos sintomas em 28\/05\/2020. Foi a \u00f3bito em hospital p\u00fablico no dia 08\/06\/2020.&nbsp;<\/p>\n\n\n\n<p>Homem, 75 anos, residente em Ara\u00e7agi. Hipertenso, diab\u00e9tico e portador de doen\u00e7a renal. In\u00edcio dos sintomas em 10\/06\/2020. Foi a \u00f3bito em hospital p\u00fablico no dia 19\/07\/2020.&nbsp;<\/p>\n\n\n\n<p>Homem, 99 anos, residente em Bayeux. In\u00edcio dos sintomas em 29\/04\/2020. Diab\u00e9tico e portador de cardiopatia. Foi a \u00f3bito em hospital privado no dia 11\/05\/2020.<\/p>\n\n\n\n<p>Mulher, 69 anos, residente em Bayeux. Hipertensa. In\u00edcio dos sintomas em 01\/07\/2020. Foi a \u00f3bito em hospital p\u00fablico no dia 18\/07\/2020.&nbsp;<\/p>\n\n\n\n<p>Homem, 52 anos, residente em Bayeux. Diab\u00e9tico. In\u00edcio dos sintomas em 09\/05\/2020. Foi a \u00f3bito em hospital privado no dia 24\/05\/2020.&nbsp;<\/p>\n\n\n\n<p>Homem, 72 anos, residente em Brejo do Cruz. Portador de cardiopatia. In\u00edcio dos sintomas em 24\/06\/2020. Foi a \u00f3bito em hospital p\u00fablico no dia 01\/07\/2020.<\/p>\n\n\n\n<p>Mulher, 98 anos, residente em Brejo do Cruz. In\u00edcio dos sintomas em 12\/06\/2020. Hipertensa, portadora de cardiopatia. Foi a \u00f3bito em hospital p\u00fablico no dia 23\/06\/2020.<\/p>\n\n\n\n<p>Homem, 59 anos, residente em Cajazeiras. Diab\u00e9tico. In\u00edcio dos sintomas em 12\/06\/2020. Foi a \u00f3bito em hospital p\u00fablico no dia 19\/07\/2020.&nbsp;<\/p>\n\n\n\n<p>Mulher, 67 anos, residente em Campina Grande. Diab\u00e9tica e cardiopata. In\u00edcio dos sintomas em 15\/06\/2020. Foi a \u00f3bito em hospital p\u00fablico no dia 18\/07\/2020.&nbsp;<\/p>\n\n\n\n<p>Mulher, 46 anos, residente em Campina Grande. Sem comorbidades. In\u00edcio dos sintomas em 06\/05\/2020. Foi a \u00f3bito em hospital p\u00fablico no dia 20\/05\/2020.<\/p>\n\n\n\n<p>Homem, 47 anos, residente em Cuit\u00e9 de Mamanguape. Tabagista e etilista. In\u00edcio dos sintomas em 29\/06\/2020. Foi a \u00f3bito em hospital p\u00fablico no dia 19\/07\/2020.<\/p>\n\n\n\n<p>Homem, 84 anos, residente em Itabaiana. Hipertenso. In\u00edcio dos sintomas em 10\/07\/2020. Foi a \u00f3bito em hospital p\u00fablico no dia 19\/07\/2020.<\/p>\n\n\n\n<p>Mulher, 89 anos, residente em Jo\u00e3o Pessoa. Hipertensa, diab\u00e9tica e portadora de doen\u00e7a neurol\u00f3gica. In\u00edcio dos sintomas em 04\/04\/2020. Foi a \u00f3bito em hospital privado no dia 21\/04\/2020.<\/p>\n\n\n\n<p>Mulher, 87 anos, residente em Jo\u00e3o Pessoa. Hipertensa, portadora de doen\u00e7a respirat\u00f3ria e neoplasia de mama e pulm\u00e3o. In\u00edcio dos sintomas em 06\/06\/2020. Foi a \u00f3bito em hospital privado no dia 14\/06\/2020.<\/p>\n\n\n\n<p>Mulher, 80 anos, residente em Jo\u00e3o Pessoa. Hipertensa, diab\u00e9tica, obesa e portadora de doen\u00e7a renal. In\u00edcio dos sintomas em 12\/06\/2020. Foi a \u00f3bito em hospital privado no dia 01\/07\/2020.<\/p>\n\n\n\n<p>Homem, 66 anos, residente em Jo\u00e3o Pessoa. Hipertenso. In\u00edcio dos sintomas em 09\/05\/2020. Foi a \u00f3bito em hospital privado no dia 07\/06\/2020.<\/p>\n\n\n\n<p>Mulher, 70 anos, residente em Jo\u00e3o Pessoa. Diab\u00e9tica, cardiopata, portadora de neoplasia. In\u00edcio dos sintomas em 10\/07\/2020. Foi a \u00f3bito em hospital p\u00fablico no dia 19\/07\/2020.<\/p>\n\n\n\n<p>Homem, 80 anos, residente em Jo\u00e3o Pessoa. Hipertenso e diab\u00e9tico. In\u00edcio dos sintomas em 05\/07\/2020. Foi a \u00f3bito em hospital privado no dia 20\/07\/2020.<\/p>\n\n\n\n<p>Mulher, 42 anos, residente em Jo\u00e3o Pessoa. Sem comorbidades. In\u00edcio dos sintomas em 28\/06\/2020. Foi a \u00f3bito em hospital privado no dia 18\/07\/2020.<\/p>\n\n\n\n<p>Homem, 61 anos, residente em Lagoa Seca. Tabagista. In\u00edcio dos sintomas em 03\/07\/2020. Foi a \u00f3bito em hospital p\u00fablico no dia 19\/07\/2020.<\/p>\n\n\n\n<p>Homem, 58 anos, residente em Mamanguape. Diab\u00e9tico e cardiopata. In\u00edcio dos sintomas em 12\/07\/2020. Foi a \u00f3bito em hospital p\u00fablico no dia 14\/07\/2020.<\/p>\n\n\n\n<p>Homem, 75 anos, residente em Rio Tinto. Comorbidades n\u00e3o informadas. In\u00edcio dos sintomas em 07\/07\/2020. Foi a \u00f3bito em hospital p\u00fablico no dia 15\/07\/2020.<\/p>\n\n\n\n<p>Homem, 75 anos, residente em Santa Rita. Portador de doen\u00e7a neurol\u00f3gica. In\u00edcio dos sintomas em 11\/06\/2020. Foi a \u00f3bito em hospital p\u00fablico no dia 15\/06\/2020.<\/p>\n\n\n\n<p>Mulher, 53 anos, residente em Santa Rita. Sem comorbidades. In\u00edcio dos sintomas em 01\/05\/2020. Foi a \u00f3bito em hospital p\u00fablico no dia 13\/05\/2020.<\/p>\n\n\n\n<p>Homem, 46 anos, residente em Sap\u00e9. Diab\u00e9tico e cardiopata. In\u00edcio dos sintomas em 30\/06\/2020. Foi a \u00f3bito em hospital p\u00fablico no dia 19\/07\/2020.<\/p>\n\n\n\n<p>Homem, 48 anos, residente em Sobrado. Comorbidades n\u00e3o informadas. In\u00edcio dos sintomas em 16\/05\/2020. Foi a \u00f3bito em hospital p\u00fablico no dia 05\/06\/2020.<\/p>\n\n\n\n<p>Mulher, 78 anos, residente em Sousa. Sem comorbidades. In\u00edcio dos sintomas em 04\/07\/2020. Foi a \u00f3bito em hospital p\u00fablico no dia 16\/07\/2020.<\/p>\n\n\n\n<p>Homem, 61 anos, residente em Sousa. Hipertenso e diab\u00e9tico. In\u00edcio dos sintomas em 07\/07\/2020. Foi a \u00f3bito em hospital p\u00fablico no dia 19\/07\/2020.<\/p>\n\n\n\n<p>Mulher, 38 anos, residente em Sousa. Comorbidades n\u00e3o informadas. In\u00edcio dos sintomas em 18\/06\/2020. Foi a \u00f3bito em hospital p\u00fablico no dia 25\/06\/2020.<\/p>\n\n\n\n<p>Homem, 78 anos, residente em Sousa. Sem comorbidades. In\u00edcio dos sintomas em 18\/06\/2020. Foi a \u00f3bito em hospital p\u00fablico no dia 08\/07\/2020.<\/p>\n\n\n\n<p>Mulher, 28 anos, residente em Sousa. Obesa e imunossuprimida. In\u00edcio dos sintomas em 30\/06\/2020. Foi a \u00f3bito em hospital p\u00fablico no dia 20\/07\/2020.<\/p>\n","protected":false},"excerpt":{"rendered":"<p>A Para\u00edba registrou 298 novos casos de Covid-19 e 31 \u00f3bitos confirmados desde a \u00faltima atualiza\u00e7\u00e3o, sendo 10 deles ocorridos nas \u00faltimas 24 horas. De&hellip; <\/p>\n","protected":false},"author":2,"featured_media":179781,"comment_status":"closed","ping_status":"closed","sticky":false,"template":"","format":"standard","meta":{"sfsi_plus_gutenberg_text_before_share":"","sfsi_plus_gutenberg_show_text_before_share":"","sfsi_plus_gutenberg_icon_type":"","sfsi_plus_gutenberg_icon_alignemt":"","sfsi_plus_gutenburg_max_per_row":"","footnotes":""},"categories":[2],"tags":[],"class_list":["post-179780","post","type-post","status-publish","format-standard","has-post-thumbnail","hentry","category-geral"],"_links":{"self":[{"href":"https:\/\/www.caririemacao.com\/1\/wp-json\/wp\/v2\/posts\/179780","targetHints":{"allow":["GET"]}}],"collection":[{"href":"https:\/\/www.caririemacao.com\/1\/wp-json\/wp\/v2\/posts"}],"about":[{"href":"https:\/\/www.caririemacao.com\/1\/wp-json\/wp\/v2\/types\/post"}],"author":[{"embeddable":true,"href":"https:\/\/www.caririemacao.com\/1\/wp-json\/wp\/v2\/users\/2"}],"replies":[{"embeddable":true,"href":"https:\/\/www.caririemacao.com\/1\/wp-json\/wp\/v2\/comments?post=179780"}],"version-history":[{"count":1,"href":"https:\/\/www.caririemacao.com\/1\/wp-json\/wp\/v2\/posts\/179780\/revisions"}],"predecessor-version":[{"id":179782,"href":"https:\/\/www.caririemacao.com\/1\/wp-json\/wp\/v2\/posts\/179780\/revisions\/179782"}],"wp:featuredmedia":[{"embeddable":true,"href":"https:\/\/www.caririemacao.com\/1\/wp-json\/wp\/v2\/media\/179781"}],"wp:attachment":[{"href":"https:\/\/www.caririemacao.com\/1\/wp-json\/wp\/v2\/media?parent=179780"}],"wp:term":[{"taxonomy":"category","embeddable":true,"href":"https:\/\/www.caririemacao.com\/1\/wp-json\/wp\/v2\/categories?post=179780"},{"taxonomy":"post_tag","embeddable":true,"href":"https:\/\/www.caririemacao.com\/1\/wp-json\/wp\/v2\/tags?post=179780"}],"curies":[{"name":"wp","href":"https:\/\/api.w.org\/{rel}","templated":true}]}}