{"id":179788,"date":"2020-07-21T08:49:43","date_gmt":"2020-07-21T11:49:43","guid":{"rendered":"https:\/\/www.caririemacao.com\/1\/?p=179788"},"modified":"2020-07-21T08:49:43","modified_gmt":"2020-07-21T11:49:43","slug":"pai-de-santo-e-detido-por-suspeita-de-estupro-e-carcere-privado-de-mulheres","status":"publish","type":"post","link":"https:\/\/www.caririemacao.com\/1\/2020\/07\/21\/pai-de-santo-e-detido-por-suspeita-de-estupro-e-carcere-privado-de-mulheres\/","title":{"rendered":"Pai de santo \u00e9 detido por suspeita de estupro e c\u00e1rcere privado de mulheres"},"content":{"rendered":"\n<h1 class=\"wp-block-heading\"><\/h1>\n\n\n\n<p>Suspeito de estuprar e manter em c\u00e1rcere privado algumas mulheres, um pai de santo, de 29 anos, foi preso nesta segunda-feira (20) em Curitiba, no Paran\u00e1. De acordo com a pol\u00edcia civil, o homem cometia os crimes durante rituais em seu terreiro no bairro do Pinherinho, conforme apura\u00e7\u00e3o do UOL.<\/p>\n\n\n\n<p>A pol\u00edcia recebeu seis den\u00fancias de v\u00edtimas do religioso. Al\u00e9m dele, a esposa do pai de santo, de 22 anos, tamb\u00e9m foi apontada como c\u00famplice dos crimes.<\/p>\n\n\n\n<p>O delegado Rinaldo Ivanike, do 10\u00ba Distrito de Pol\u00edcia Civil de Curitiba, relata que a investiga\u00e7\u00e3o come\u00e7ou ap\u00f3s a den\u00fancia.<\/p>\n\n\n\n<p>Das seis v\u00edtimas que denunciaram o religioso, uma delas tinha apenas 14 anos. De acordo com relatos das mulheres, elas procuraram o pai de santo para resolver problemas espirituais e financeiros.<\/p>\n\n\n\n<p>\u201cVieram v\u00e1rias v\u00edtimas na delegacia relatar que esse pai de santo as enganava, pegando o dinheiro e mantendo em c\u00e1rcere, em trabalhos para livr\u00e1-las de problemas. Tamb\u00e9m tem a quest\u00e3o das rela\u00e7\u00f5es sexuais, mediante fraude\u201d, afirmou o delegado.<\/p>\n\n\n\n<p>Al\u00e9m de abusar sexualmente, o religioso mantinha algumas mulheres em c\u00e1rcere privado com a desculpa de que \u201ca pessoa deveria estar a servi\u00e7o da entidade\u201d, comentou Ivanike.<\/p>\n\n\n\n<p>A dupla foi presa e indiciada por estupro de vulner\u00e1vel, estupro mediante fraude, estelionato e c\u00e1rcere privado. A filha do casal, de dois anos, ser\u00e1 encaminhada para o Conselho Tutelar.<\/p>\n\n\n\n<p>O religioso negou que tenha cometido os crimes em depoimento.<\/p>\n\n\n\n<p>\u201cEles foram ouvidos e disseram n\u00e3o ter cometido os fatos denunciados, alegaram ser boas pessoas e disseram que apenas faziam os trabalhos espirituais\u201d, afirmou Ivanike.<\/p>\n\n\n\n<p>Ainda sem defesa constitu\u00edda, o nome do pai de santo e da esposa n\u00e3o foram divulgados com base na Lei de Abuso de Autoridade.<\/p>\n","protected":false},"excerpt":{"rendered":"<p>Suspeito de estuprar e manter em c\u00e1rcere privado algumas mulheres, um pai de santo, de 29 anos, foi preso nesta segunda-feira (20) em Curitiba, no&hellip; <\/p>\n","protected":false},"author":2,"featured_media":179789,"comment_status":"closed","ping_status":"closed","sticky":false,"template":"","format":"standard","meta":{"sfsi_plus_gutenberg_text_before_share":"","sfsi_plus_gutenberg_show_text_before_share":"","sfsi_plus_gutenberg_icon_type":"","sfsi_plus_gutenberg_icon_alignemt":"","sfsi_plus_gutenburg_max_per_row":"","footnotes":""},"categories":[12],"tags":[],"class_list":["post-179788","post","type-post","status-publish","format-standard","has-post-thumbnail","hentry","category-policia"],"_links":{"self":[{"href":"https:\/\/www.caririemacao.com\/1\/wp-json\/wp\/v2\/posts\/179788","targetHints":{"allow":["GET"]}}],"collection":[{"href":"https:\/\/www.caririemacao.com\/1\/wp-json\/wp\/v2\/posts"}],"about":[{"href":"https:\/\/www.caririemacao.com\/1\/wp-json\/wp\/v2\/types\/post"}],"author":[{"embeddable":true,"href":"https:\/\/www.caririemacao.com\/1\/wp-json\/wp\/v2\/users\/2"}],"replies":[{"embeddable":true,"href":"https:\/\/www.caririemacao.com\/1\/wp-json\/wp\/v2\/comments?post=179788"}],"version-history":[{"count":1,"href":"https:\/\/www.caririemacao.com\/1\/wp-json\/wp\/v2\/posts\/179788\/revisions"}],"predecessor-version":[{"id":179790,"href":"https:\/\/www.caririemacao.com\/1\/wp-json\/wp\/v2\/posts\/179788\/revisions\/179790"}],"wp:featuredmedia":[{"embeddable":true,"href":"https:\/\/www.caririemacao.com\/1\/wp-json\/wp\/v2\/media\/179789"}],"wp:attachment":[{"href":"https:\/\/www.caririemacao.com\/1\/wp-json\/wp\/v2\/media?parent=179788"}],"wp:term":[{"taxonomy":"category","embeddable":true,"href":"https:\/\/www.caririemacao.com\/1\/wp-json\/wp\/v2\/categories?post=179788"},{"taxonomy":"post_tag","embeddable":true,"href":"https:\/\/www.caririemacao.com\/1\/wp-json\/wp\/v2\/tags?post=179788"}],"curies":[{"name":"wp","href":"https:\/\/api.w.org\/{rel}","templated":true}]}}