{"id":179792,"date":"2020-07-21T08:52:38","date_gmt":"2020-07-21T11:52:38","guid":{"rendered":"https:\/\/www.caririemacao.com\/1\/?p=179792"},"modified":"2020-07-21T08:52:38","modified_gmt":"2020-07-21T11:52:38","slug":"brasil-registra-632-obitos-e-mais-de-20-mil-casos-de-covid-19-em-24h","status":"publish","type":"post","link":"https:\/\/www.caririemacao.com\/1\/2020\/07\/21\/brasil-registra-632-obitos-e-mais-de-20-mil-casos-de-covid-19-em-24h\/","title":{"rendered":"Brasil registra 632 \u00f3bitos e mais de 20 mil casos de covid-19 em 24h"},"content":{"rendered":"\n<h1 class=\"wp-block-heading\"><\/h1>\n\n\n\n<p>Na atualiza\u00e7\u00e3o di\u00e1ria do Minist\u00e9rio da Sa\u00fade, divulgada no in\u00edcio da noite de hoje (20), consta que foram registradas 632 novas mortes por covid-19 entre ontem(19) e hoje, totalizando 80.120. O balan\u00e7o apresenta tamb\u00e9m 20.257 novos casos confirmados de covid-19 nas \u00faltimas 24 horas. No total, 2.118.646 pessoas foram diagnosticadas com a covid-19 no Brasil desde o in\u00edcio da pandemia e 1.409.202 se recuperaram da doen\u00e7a.<\/p>\n\n\n\n<p>De acordo com o Minist\u00e9rio da Sa\u00fade, 629.324 pacientes est\u00e3o em acompanhamento. H\u00e1 ainda 3.946 \u00f3bitos em investiga\u00e7\u00e3o.<\/p>\n\n\n\n<p>A taxa de letalidade (n\u00famero de mortes pelo total de casos) ficou em 3,8%. A mortalidade (quantidade de \u00f3bitos por 100 mil habitantes) atingiu 38,1. A incid\u00eancia dos casos de covid-19 por 100 mil habitantes \u00e9 de 1008,2.<\/p>\n\n\n\n<p>Aos s\u00e1bados, domingos e segundas-feiras, o n\u00famero di\u00e1rio registrado tende a ser menor pela dificuldade de alimenta\u00e7\u00e3o dos bancos de dados pelas secretarias municipais e estaduais. J\u00e1 \u00e0s ter\u00e7as-feiras, o quantitativo em geral \u00e9 maior pela atualiza\u00e7\u00e3o dos casos acumulados aos fins de semana.<\/p>\n\n\n\n<p><strong>Covid-19 nos estados<\/strong><\/p>\n\n\n\n<p>Os estados com mais registro de mortes por covid-19 s\u00e3o: S\u00e3o Paulo (19.788), Rio de Janeiro (12.161), Cear\u00e1 (7.185), Pernambuco (6.036) e Par\u00e1 (5.538). As Unidades da Federa\u00e7\u00e3o com menos \u00f3bitos s\u00e3o: Mato Grosso do Sul (228), Tocantins (299), Roraima (431), Acre (465) e Amap\u00e1 (515).<\/p>\n\n\n\n<p>Os estados com mais casos confirmados desde o in\u00edcio da pandemia s\u00e3o: S\u00e3o Paulo (416.434), Cear\u00e1 (147.566), Rio de Janeiro (141.005), Par\u00e1 (139.396) e Bahia (123.292). As Unidades da Federa\u00e7\u00e3o com menos pessoas infectadas registradas s\u00e3o: Mato Grosso do Sul (16.337), Tocantins (17.898), Acre (17.462), Roraima (25.686) e Rond\u00f4nia (29.801).&nbsp;<\/p>\n\n\n\n<figure class=\"wp-block-image\"><img decoding=\"async\" data-src=\"https:\/\/www.clickpb.com.br\/media\/filer_public\/7c\/a6\/7ca605c0-67c3-4e94-aef8-e4daa8425c74\/whatsapp_image_2020-07-20_at_184005.jpeg\" alt=\"\" src=\"data:image\/svg+xml;base64,PHN2ZyB3aWR0aD0iMSIgaGVpZ2h0PSIxIiB4bWxucz0iaHR0cDovL3d3dy53My5vcmcvMjAwMC9zdmciPjwvc3ZnPg==\" class=\"lazyload\" \/><\/figure>\n","protected":false},"excerpt":{"rendered":"<p>Na atualiza\u00e7\u00e3o di\u00e1ria do Minist\u00e9rio da Sa\u00fade, divulgada no in\u00edcio da noite de hoje (20), consta que foram registradas 632 novas mortes por covid-19 entre&hellip; <\/p>\n","protected":false},"author":2,"featured_media":179793,"comment_status":"closed","ping_status":"closed","sticky":false,"template":"","format":"standard","meta":{"sfsi_plus_gutenberg_text_before_share":"","sfsi_plus_gutenberg_show_text_before_share":"","sfsi_plus_gutenberg_icon_type":"","sfsi_plus_gutenberg_icon_alignemt":"","sfsi_plus_gutenburg_max_per_row":"","footnotes":""},"categories":[2],"tags":[],"class_list":["post-179792","post","type-post","status-publish","format-standard","has-post-thumbnail","hentry","category-geral"],"_links":{"self":[{"href":"https:\/\/www.caririemacao.com\/1\/wp-json\/wp\/v2\/posts\/179792","targetHints":{"allow":["GET"]}}],"collection":[{"href":"https:\/\/www.caririemacao.com\/1\/wp-json\/wp\/v2\/posts"}],"about":[{"href":"https:\/\/www.caririemacao.com\/1\/wp-json\/wp\/v2\/types\/post"}],"author":[{"embeddable":true,"href":"https:\/\/www.caririemacao.com\/1\/wp-json\/wp\/v2\/users\/2"}],"replies":[{"embeddable":true,"href":"https:\/\/www.caririemacao.com\/1\/wp-json\/wp\/v2\/comments?post=179792"}],"version-history":[{"count":1,"href":"https:\/\/www.caririemacao.com\/1\/wp-json\/wp\/v2\/posts\/179792\/revisions"}],"predecessor-version":[{"id":179794,"href":"https:\/\/www.caririemacao.com\/1\/wp-json\/wp\/v2\/posts\/179792\/revisions\/179794"}],"wp:featuredmedia":[{"embeddable":true,"href":"https:\/\/www.caririemacao.com\/1\/wp-json\/wp\/v2\/media\/179793"}],"wp:attachment":[{"href":"https:\/\/www.caririemacao.com\/1\/wp-json\/wp\/v2\/media?parent=179792"}],"wp:term":[{"taxonomy":"category","embeddable":true,"href":"https:\/\/www.caririemacao.com\/1\/wp-json\/wp\/v2\/categories?post=179792"},{"taxonomy":"post_tag","embeddable":true,"href":"https:\/\/www.caririemacao.com\/1\/wp-json\/wp\/v2\/tags?post=179792"}],"curies":[{"name":"wp","href":"https:\/\/api.w.org\/{rel}","templated":true}]}}