{"id":179796,"date":"2020-07-21T08:57:56","date_gmt":"2020-07-21T11:57:56","guid":{"rendered":"https:\/\/www.caririemacao.com\/1\/?p=179796"},"modified":"2020-07-21T08:57:56","modified_gmt":"2020-07-21T11:57:56","slug":"5-da-populacao-paraibana-ja-foi-testada-para-covid-19-revela-joao-azevedo","status":"publish","type":"post","link":"https:\/\/www.caririemacao.com\/1\/2020\/07\/21\/5-da-populacao-paraibana-ja-foi-testada-para-covid-19-revela-joao-azevedo\/","title":{"rendered":"5% da popula\u00e7\u00e3o paraibana j\u00e1 foi testada para covid-19, revela Jo\u00e3o Azev\u00eado"},"content":{"rendered":"\n<h1 class=\"wp-block-heading\"><\/h1>\n\n\n\n<p>Desde o in\u00edcio do isolamento social em virtude da&nbsp;pandemia do novo coronav\u00edrus no Estado, ou seja, 129 dias,&nbsp;5% da popula\u00e7\u00e3o paraibana j\u00e1 foi testada, segundo informou o governador da Para\u00edba, Jo\u00e3o Azev\u00eado (Cidadania), durante o programa de r\u00e1dio, Fala Governador, nesta segunda-feira (20). A estimativa, de acordo com o gestor,&nbsp;\u00e9 testar o dobro, ou seja, 10%.&nbsp;<\/p>\n\n\n\n<p>Segundo o governador, apesar das medidas duras tomadas no in\u00edcio da pandemia, elas salvaram in\u00fameras vidas. \u201cN\u00f3s sabemos que a decis\u00e3o de testar 10% da popula\u00e7\u00e3o foi fundamental. At\u00e9 agora testamos 5% da popula\u00e7\u00e3o do Estado da Para\u00edba. Isso \u00e9 um n\u00famero extraordin\u00e1rio, mais do que a maioria dos estados brasileiros\u201d, afirmou.<\/p>\n\n\n\n<p>Com os testes, foi poss\u00edvel identificar os maiores problemas e assim poder tomar as medidas corretas. \u201cEssa \u00e9 uma forma de fazer o ajuste correto do direcionamento das a\u00e7\u00f5es, principalmente dentro da sa\u00fade\u201d, frisou, destacando ainda que, embora algumas atividades econ\u00f4micas foram flexibilizadas a pandemia n\u00e3o acabou.&nbsp;<\/p>\n\n\n\n<p>\u201cN\u00f3s devemos continuar tendo o cuidado devido. O uso da m\u00e1scara, a higiene pessoal constante e o distanciamento social s\u00e3o fundamentais para que a gente possa avan\u00e7ar e vencer essa doen\u00e7a at\u00e9 que chegue uma vacina para proteger todo cidad\u00e3o brasileiro, paraibano\u201d, destacou.<\/p>\n\n\n\n<p>No \u00faltimo boletim, a Secretaria de Estado da Sa\u00fade trouxe mais de 67 mil casos confirmados, 1.400 pessoas morreram e mais de 24 mil se recuperaram. S\u00f3 no Hospital Metropolitano, segundo Jo\u00e3o Azev\u00eado, foram mais de 500 pessoas que tiveram alta m\u00e9dica.&nbsp;<\/p>\n\n\n\n<p>&#8220;Isso em fun\u00e7\u00e3o de toda a aprendizagem m\u00e9dica, que acompanha a equipe dentro dos hospitais e&nbsp;n\u00f3s tivemos condi\u00e7\u00f5es de acompanhar todo esse trabalho e fortalecendo o sistema de sa\u00fade. Isso \u00e9 fundamental&#8221;, finalizou, ressaltando o baixo \u00edndice de letalidade no&nbsp;Nordeste.&nbsp;<\/p>\n","protected":false},"excerpt":{"rendered":"<p>Desde o in\u00edcio do isolamento social em virtude da&nbsp;pandemia do novo coronav\u00edrus no Estado, ou seja, 129 dias,&nbsp;5% da popula\u00e7\u00e3o paraibana j\u00e1 foi testada, segundo&hellip; <\/p>\n","protected":false},"author":2,"featured_media":179797,"comment_status":"closed","ping_status":"closed","sticky":false,"template":"","format":"standard","meta":{"sfsi_plus_gutenberg_text_before_share":"","sfsi_plus_gutenberg_show_text_before_share":"","sfsi_plus_gutenberg_icon_type":"","sfsi_plus_gutenberg_icon_alignemt":"","sfsi_plus_gutenburg_max_per_row":"","footnotes":""},"categories":[50,2],"tags":[],"class_list":["post-179796","post","type-post","status-publish","format-standard","has-post-thumbnail","hentry","category-destaque","category-geral"],"_links":{"self":[{"href":"https:\/\/www.caririemacao.com\/1\/wp-json\/wp\/v2\/posts\/179796","targetHints":{"allow":["GET"]}}],"collection":[{"href":"https:\/\/www.caririemacao.com\/1\/wp-json\/wp\/v2\/posts"}],"about":[{"href":"https:\/\/www.caririemacao.com\/1\/wp-json\/wp\/v2\/types\/post"}],"author":[{"embeddable":true,"href":"https:\/\/www.caririemacao.com\/1\/wp-json\/wp\/v2\/users\/2"}],"replies":[{"embeddable":true,"href":"https:\/\/www.caririemacao.com\/1\/wp-json\/wp\/v2\/comments?post=179796"}],"version-history":[{"count":1,"href":"https:\/\/www.caririemacao.com\/1\/wp-json\/wp\/v2\/posts\/179796\/revisions"}],"predecessor-version":[{"id":179798,"href":"https:\/\/www.caririemacao.com\/1\/wp-json\/wp\/v2\/posts\/179796\/revisions\/179798"}],"wp:featuredmedia":[{"embeddable":true,"href":"https:\/\/www.caririemacao.com\/1\/wp-json\/wp\/v2\/media\/179797"}],"wp:attachment":[{"href":"https:\/\/www.caririemacao.com\/1\/wp-json\/wp\/v2\/media?parent=179796"}],"wp:term":[{"taxonomy":"category","embeddable":true,"href":"https:\/\/www.caririemacao.com\/1\/wp-json\/wp\/v2\/categories?post=179796"},{"taxonomy":"post_tag","embeddable":true,"href":"https:\/\/www.caririemacao.com\/1\/wp-json\/wp\/v2\/tags?post=179796"}],"curies":[{"name":"wp","href":"https:\/\/api.w.org\/{rel}","templated":true}]}}