{"id":179801,"date":"2020-07-21T09:00:40","date_gmt":"2020-07-21T12:00:40","guid":{"rendered":"https:\/\/www.caririemacao.com\/1\/?p=179801"},"modified":"2020-07-21T09:00:40","modified_gmt":"2020-07-21T12:00:40","slug":"gestacao-segura-a-importancia-da-testagem-em-mulheres-gravidas","status":"publish","type":"post","link":"https:\/\/www.caririemacao.com\/1\/2020\/07\/21\/gestacao-segura-a-importancia-da-testagem-em-mulheres-gravidas\/","title":{"rendered":"Gesta\u00e7\u00e3o segura: a import\u00e2ncia da testagem em mulheres gr\u00e1vidas"},"content":{"rendered":"\n<h3 class=\"wp-block-heading\"><\/h3>\n\n\n\n<hr class=\"wp-block-separator\"\/>\n\n\n\n<p><ins><\/ins><\/p>\n\n\n\n<p>O nascer de mais um beb\u00ea \u00e9 motivo de muita alegria e que esse momento possa ser festejado por parentes e amigos, mas aten\u00e7\u00e3o. A tradi\u00e7\u00e3o das primeiras horas ap\u00f3s o parto, no entanto, est\u00e1 diferente em tempos de Covid-19. E n\u00e3o \u00e9 s\u00f3 ela. Os cuidados diante da pandemia do novo coronav\u00edrus for\u00e7aram mudan\u00e7as comportamentais e estruturais nas maternidades desde o pr\u00e9, passando pelo parto at\u00e9 chegar ao p\u00f3s, portanto \u00e9 fundamental a testagem nas mulheres gr\u00e1vidas.<\/p>\n\n\n\n<p>Sobre cuidados espec\u00edficos neste momento de pandemia, caso a gestante esteja com sintomas gripais leves, ou tenha tido contato com caso confirmado de Covid-19, recomenda-se o isolamento domiciliar por 14 dias, que ela procure agendar o exame nos servi\u00e7os de drive-thru, e que procure atendimento hospitalar nos casos de agravamento dos sintomas, como febre, falta de ar, dificuldade para respirar.<\/p>\n\n\n\n<p>N\u00e3o se recomenda a peregrina\u00e7\u00e3o dos servi\u00e7os de sa\u00fade em busca de realiza\u00e7\u00e3o do teste ou atendimento de sintomas leves, pois isso aumenta o risco de contamina\u00e7\u00e3o de outras pessoas e superlota os servi\u00e7os de sa\u00fade, que j\u00e1 est\u00e3o sobrecarregados com as demandas. \u201cNosso trabalho e cuidados continuam intensos, tudo pelo bem estar e a boa sa\u00fade dos paraibanos, sejam as mulheres gr\u00e1vidas e o p\u00fablico em geral\u201d, disse F\u00e1bio Rocha<\/p>\n\n\n\n<p>A recomenda\u00e7\u00f5es s\u00e3o as mesmas que para a popula\u00e7\u00e3o geral: isolamento social, lavagem frequente das m\u00e3os com \u00e1gua e sab\u00e3o ou, na impossibilidade de lavar as m\u00e3os, o uso de \u00e1lcool gel, bem como o uso de m\u00e1scara. As consultas de pr\u00e9-natal n\u00e3o devem ser suspensas, por\u00e9m devem ser otimizadas a somente o necess\u00e1rio.<\/p>\n\n\n\n<p>Vejam bem: um diagn\u00f3stico precoce j\u00e1 \u00e9 uma forma de garantir um tratamento mais efetivo e uma recupera\u00e7\u00e3o mais r\u00e1pida; para a seguran\u00e7a da m\u00e3e e do beb\u00ea e para isso \u00e9 preciso refor\u00e7ar a disponibilidade de testes.<\/p>\n\n\n\n<p>O Laborat\u00f3rio Maurilio de Almeida vem fazendo coleta em domicilio para melhor atender a sa\u00fade das m\u00e3es e dos beb\u00eas, e, claro de toda fam\u00edlia.<\/p>\n","protected":false},"excerpt":{"rendered":"<p>O nascer de mais um beb\u00ea \u00e9 motivo de muita alegria e que esse momento possa ser festejado por parentes e amigos, mas aten\u00e7\u00e3o. A&hellip; <\/p>\n","protected":false},"author":2,"featured_media":179802,"comment_status":"closed","ping_status":"closed","sticky":false,"template":"","format":"standard","meta":{"sfsi_plus_gutenberg_text_before_share":"","sfsi_plus_gutenberg_show_text_before_share":"","sfsi_plus_gutenberg_icon_type":"","sfsi_plus_gutenberg_icon_alignemt":"","sfsi_plus_gutenburg_max_per_row":"","footnotes":""},"categories":[16],"tags":[],"class_list":["post-179801","post","type-post","status-publish","format-standard","has-post-thumbnail","hentry","category-saude"],"_links":{"self":[{"href":"https:\/\/www.caririemacao.com\/1\/wp-json\/wp\/v2\/posts\/179801","targetHints":{"allow":["GET"]}}],"collection":[{"href":"https:\/\/www.caririemacao.com\/1\/wp-json\/wp\/v2\/posts"}],"about":[{"href":"https:\/\/www.caririemacao.com\/1\/wp-json\/wp\/v2\/types\/post"}],"author":[{"embeddable":true,"href":"https:\/\/www.caririemacao.com\/1\/wp-json\/wp\/v2\/users\/2"}],"replies":[{"embeddable":true,"href":"https:\/\/www.caririemacao.com\/1\/wp-json\/wp\/v2\/comments?post=179801"}],"version-history":[{"count":1,"href":"https:\/\/www.caririemacao.com\/1\/wp-json\/wp\/v2\/posts\/179801\/revisions"}],"predecessor-version":[{"id":179803,"href":"https:\/\/www.caririemacao.com\/1\/wp-json\/wp\/v2\/posts\/179801\/revisions\/179803"}],"wp:featuredmedia":[{"embeddable":true,"href":"https:\/\/www.caririemacao.com\/1\/wp-json\/wp\/v2\/media\/179802"}],"wp:attachment":[{"href":"https:\/\/www.caririemacao.com\/1\/wp-json\/wp\/v2\/media?parent=179801"}],"wp:term":[{"taxonomy":"category","embeddable":true,"href":"https:\/\/www.caririemacao.com\/1\/wp-json\/wp\/v2\/categories?post=179801"},{"taxonomy":"post_tag","embeddable":true,"href":"https:\/\/www.caririemacao.com\/1\/wp-json\/wp\/v2\/tags?post=179801"}],"curies":[{"name":"wp","href":"https:\/\/api.w.org\/{rel}","templated":true}]}}