{"id":179812,"date":"2020-07-21T09:10:16","date_gmt":"2020-07-21T12:10:16","guid":{"rendered":"https:\/\/www.caririemacao.com\/1\/?p=179812"},"modified":"2020-07-21T09:10:16","modified_gmt":"2020-07-21T12:10:16","slug":"sume-confirma-mais-sete-casos-do-coronavirus","status":"publish","type":"post","link":"https:\/\/www.caririemacao.com\/1\/2020\/07\/21\/sume-confirma-mais-sete-casos-do-coronavirus\/","title":{"rendered":"Sum\u00e9 confirma mais sete casos do coronav\u00edrus"},"content":{"rendered":"\n<h1 class=\"wp-block-heading\"><\/h1>\n\n\n\n<p>A Secret\u00e1ria de Sa\u00fade de Sum\u00e9 confirma sete novos casos de Covid-19, no munic\u00edpio nesta segunda-feira, 20 de julho. Tratam-se dos seguintes pacientes:<\/p>\n\n\n\n<p>\uf0d8 Mulher, 49 anos, centro, sem comorbidade;<br>\uf0d8 Homem, 49 anos, Centro, sem comorbidade;<br>\uf0d8 Mulher, 33 anos, Conjunto Habitacional, sem comorbidade;<br>\uf0d8 Homem, 44 anos, Conjunto Habitacional, sem comorbidade;<br>\uf0d8 Homem, 27 anos, Zona Rural, sem comorbidade;<br>\uf0d8 Homem, 23 anos, V\u00e1rzea Redonda, sem comorbidade;<br>\uf0d8 Mulher, 28 anos, V\u00e1rzea Redonda, sem comorbidade.<\/p>\n\n\n\n<p>Hoje tamb\u00e9m foram recuperados 05 casos.<\/p>\n\n\n\n<p>Assim, o munic\u00edpio de Sum\u00e9 tem 139 casos positivos, 80 recuperados, 57 ativos e 02 \u00f3bitos.<\/p>\n","protected":false},"excerpt":{"rendered":"<p>A Secret\u00e1ria de Sa\u00fade de Sum\u00e9 confirma sete novos casos de Covid-19, no munic\u00edpio nesta segunda-feira, 20 de julho. Tratam-se dos seguintes pacientes: \uf0d8 Mulher,&hellip; <\/p>\n","protected":false},"author":2,"featured_media":179813,"comment_status":"closed","ping_status":"closed","sticky":false,"template":"","format":"standard","meta":{"sfsi_plus_gutenberg_text_before_share":"","sfsi_plus_gutenberg_show_text_before_share":"","sfsi_plus_gutenberg_icon_type":"","sfsi_plus_gutenberg_icon_alignemt":"","sfsi_plus_gutenburg_max_per_row":"","footnotes":""},"categories":[2],"tags":[],"class_list":["post-179812","post","type-post","status-publish","format-standard","has-post-thumbnail","hentry","category-geral"],"_links":{"self":[{"href":"https:\/\/www.caririemacao.com\/1\/wp-json\/wp\/v2\/posts\/179812","targetHints":{"allow":["GET"]}}],"collection":[{"href":"https:\/\/www.caririemacao.com\/1\/wp-json\/wp\/v2\/posts"}],"about":[{"href":"https:\/\/www.caririemacao.com\/1\/wp-json\/wp\/v2\/types\/post"}],"author":[{"embeddable":true,"href":"https:\/\/www.caririemacao.com\/1\/wp-json\/wp\/v2\/users\/2"}],"replies":[{"embeddable":true,"href":"https:\/\/www.caririemacao.com\/1\/wp-json\/wp\/v2\/comments?post=179812"}],"version-history":[{"count":1,"href":"https:\/\/www.caririemacao.com\/1\/wp-json\/wp\/v2\/posts\/179812\/revisions"}],"predecessor-version":[{"id":179814,"href":"https:\/\/www.caririemacao.com\/1\/wp-json\/wp\/v2\/posts\/179812\/revisions\/179814"}],"wp:featuredmedia":[{"embeddable":true,"href":"https:\/\/www.caririemacao.com\/1\/wp-json\/wp\/v2\/media\/179813"}],"wp:attachment":[{"href":"https:\/\/www.caririemacao.com\/1\/wp-json\/wp\/v2\/media?parent=179812"}],"wp:term":[{"taxonomy":"category","embeddable":true,"href":"https:\/\/www.caririemacao.com\/1\/wp-json\/wp\/v2\/categories?post=179812"},{"taxonomy":"post_tag","embeddable":true,"href":"https:\/\/www.caririemacao.com\/1\/wp-json\/wp\/v2\/tags?post=179812"}],"curies":[{"name":"wp","href":"https:\/\/api.w.org\/{rel}","templated":true}]}}