{"id":179816,"date":"2020-07-21T09:12:32","date_gmt":"2020-07-21T12:12:32","guid":{"rendered":"https:\/\/www.caririemacao.com\/1\/?p=179816"},"modified":"2020-07-21T09:12:32","modified_gmt":"2020-07-21T12:12:32","slug":"monteiro-confirma-mais-10-novos-casos-do-coronavirus","status":"publish","type":"post","link":"https:\/\/www.caririemacao.com\/1\/2020\/07\/21\/monteiro-confirma-mais-10-novos-casos-do-coronavirus\/","title":{"rendered":"Monteiro confirma mais 10 novos casos do coronav\u00edrus"},"content":{"rendered":"\n<h1 class=\"wp-block-heading\"><\/h1>\n\n\n\n<p>A Secretaria Municipal de Sa\u00fade de Monteiro informa que nesta segunda-feira (20), mais 10 novos casos confirmados para Covid-19.<\/p>\n\n\n\n<p>Sendo quatro (04) pacientes de 14, 33, 41 e 59 anos, do sexo masculino e seis (06) pacientes de 10, 15, 23, 29, 37 e 40 anos, do sexo feminino.<\/p>\n\n\n\n<p>Todos permanecem em isolamento domiciliar, acompanhados pela Vigil\u00e2ncia em Sa\u00fade do Munic\u00edpio.<\/p>\n\n\n\n<p><em>Not\u00edcias em Destaque<\/em><\/p>\n","protected":false},"excerpt":{"rendered":"<p>A Secretaria Municipal de Sa\u00fade de Monteiro informa que nesta segunda-feira (20), mais 10 novos casos confirmados para Covid-19. Sendo quatro (04) pacientes de 14,&hellip; <\/p>\n","protected":false},"author":2,"featured_media":179817,"comment_status":"closed","ping_status":"closed","sticky":false,"template":"","format":"standard","meta":{"sfsi_plus_gutenberg_text_before_share":"","sfsi_plus_gutenberg_show_text_before_share":"","sfsi_plus_gutenberg_icon_type":"","sfsi_plus_gutenberg_icon_alignemt":"","sfsi_plus_gutenburg_max_per_row":"","footnotes":""},"categories":[2],"tags":[],"class_list":["post-179816","post","type-post","status-publish","format-standard","has-post-thumbnail","hentry","category-geral"],"_links":{"self":[{"href":"https:\/\/www.caririemacao.com\/1\/wp-json\/wp\/v2\/posts\/179816","targetHints":{"allow":["GET"]}}],"collection":[{"href":"https:\/\/www.caririemacao.com\/1\/wp-json\/wp\/v2\/posts"}],"about":[{"href":"https:\/\/www.caririemacao.com\/1\/wp-json\/wp\/v2\/types\/post"}],"author":[{"embeddable":true,"href":"https:\/\/www.caririemacao.com\/1\/wp-json\/wp\/v2\/users\/2"}],"replies":[{"embeddable":true,"href":"https:\/\/www.caririemacao.com\/1\/wp-json\/wp\/v2\/comments?post=179816"}],"version-history":[{"count":1,"href":"https:\/\/www.caririemacao.com\/1\/wp-json\/wp\/v2\/posts\/179816\/revisions"}],"predecessor-version":[{"id":179818,"href":"https:\/\/www.caririemacao.com\/1\/wp-json\/wp\/v2\/posts\/179816\/revisions\/179818"}],"wp:featuredmedia":[{"embeddable":true,"href":"https:\/\/www.caririemacao.com\/1\/wp-json\/wp\/v2\/media\/179817"}],"wp:attachment":[{"href":"https:\/\/www.caririemacao.com\/1\/wp-json\/wp\/v2\/media?parent=179816"}],"wp:term":[{"taxonomy":"category","embeddable":true,"href":"https:\/\/www.caririemacao.com\/1\/wp-json\/wp\/v2\/categories?post=179816"},{"taxonomy":"post_tag","embeddable":true,"href":"https:\/\/www.caririemacao.com\/1\/wp-json\/wp\/v2\/tags?post=179816"}],"curies":[{"name":"wp","href":"https:\/\/api.w.org\/{rel}","templated":true}]}}