{"id":179820,"date":"2020-07-21T09:15:02","date_gmt":"2020-07-21T12:15:02","guid":{"rendered":"https:\/\/www.caririemacao.com\/1\/?p=179820"},"modified":"2020-07-21T09:15:02","modified_gmt":"2020-07-21T12:15:02","slug":"ufcg-publica-calendario-academico-do-periodo-letivo-2020-3","status":"publish","type":"post","link":"https:\/\/www.caririemacao.com\/1\/2020\/07\/21\/ufcg-publica-calendario-academico-do-periodo-letivo-2020-3\/","title":{"rendered":"UFCG publica calend\u00e1rio acad\u00eamico do per\u00edodo letivo 2020.3"},"content":{"rendered":"\n<h1 class=\"wp-block-heading\"><\/h1>\n\n\n\n<p>Foi divulgado o calend\u00e1rio do per\u00edodo letivo 2020.3 da Universidade Federal de Campina Grande (UFCG). As atividades n\u00e3o presenciais ocorrer\u00e3o no \u00e2mbito do<a href=\"https:\/\/g1.globo.com\/pb\/paraiba\/noticia\/2020\/07\/17\/ufcg-regulamenta-atividades-remotas-e-oferta-de-terceiro-periodo-suplementar-para-2020.ghtml\">&nbsp;Regime Acad\u00eamico Extraordin\u00e1rio (RAE)<\/a>, devido ao cen\u00e1rio da Covid-19. Est\u00e3o previstos no calend\u00e1rio 81 dias letivos.&nbsp;<a href=\"https:\/\/portal.ufcg.edu.br\/ultimas-noticias\/2105-ufcg-publica-calendario-academico-do-periodo-letivo-2020-3.html\" target=\"_blank\" rel=\"noreferrer noopener\">Veja o calend\u00e1rio completo no site da UFCG<\/a>.<\/p>\n\n\n\n<p>A ades\u00e3o dos alunos ao RAE n\u00e3o \u00e9 obrigat\u00f3ria. As atividades acad\u00eamicas planejadas para o Per\u00edodo Letivo 2020.1, que est\u00e3o suspensas por conta da pandemia, ser\u00e3o mantidas no Sistema de Controle Acad\u00eamico Online (SCAO), sendo repactuadas quando houver possibilidade de retorno das atividades presenciais. O RAE n\u00e3o ser\u00e1 ofertado para os ingressantes no per\u00edodo letivo 2020.2.<\/p>\n\n\n\n<p>Os procedimentos internos para ado\u00e7\u00e3o das atividades contempladas pelo RAE, como elabora\u00e7\u00e3o dos Planos Acad\u00eamicos de Ensino Remoto (PAERs), reuni\u00f5es e implanta\u00e7\u00e3o de turmas no Sistema de Controle Acad\u00eamico, entre outros, ser\u00e3o realizados de 20 de julho a 21 de agosto.<\/p>\n\n\n\n<p>As matr\u00edculas dos alunos ser\u00e3o realizadas de 24 a 26 de agosto, com o in\u00edcio das aulas marcado para o dia 31 de agosto e t\u00e9rmino no dia 5 de dezembro. As avalia\u00e7\u00f5es ocorrer\u00e3o de 7 a 11 de dezembro e a data limite para implanta\u00e7\u00e3o das notas no sistema de Controle Acad\u00eamico Online \u00e9 o dia 14 de dezembro.<\/p>\n","protected":false},"excerpt":{"rendered":"<p>Foi divulgado o calend\u00e1rio do per\u00edodo letivo 2020.3 da Universidade Federal de Campina Grande (UFCG). As atividades n\u00e3o presenciais ocorrer\u00e3o no \u00e2mbito do&nbsp;Regime Acad\u00eamico Extraordin\u00e1rio&hellip; <\/p>\n","protected":false},"author":2,"featured_media":179821,"comment_status":"closed","ping_status":"closed","sticky":false,"template":"","format":"standard","meta":{"sfsi_plus_gutenberg_text_before_share":"","sfsi_plus_gutenberg_show_text_before_share":"","sfsi_plus_gutenberg_icon_type":"","sfsi_plus_gutenberg_icon_alignemt":"","sfsi_plus_gutenburg_max_per_row":"","footnotes":""},"categories":[2],"tags":[],"class_list":["post-179820","post","type-post","status-publish","format-standard","has-post-thumbnail","hentry","category-geral"],"_links":{"self":[{"href":"https:\/\/www.caririemacao.com\/1\/wp-json\/wp\/v2\/posts\/179820","targetHints":{"allow":["GET"]}}],"collection":[{"href":"https:\/\/www.caririemacao.com\/1\/wp-json\/wp\/v2\/posts"}],"about":[{"href":"https:\/\/www.caririemacao.com\/1\/wp-json\/wp\/v2\/types\/post"}],"author":[{"embeddable":true,"href":"https:\/\/www.caririemacao.com\/1\/wp-json\/wp\/v2\/users\/2"}],"replies":[{"embeddable":true,"href":"https:\/\/www.caririemacao.com\/1\/wp-json\/wp\/v2\/comments?post=179820"}],"version-history":[{"count":1,"href":"https:\/\/www.caririemacao.com\/1\/wp-json\/wp\/v2\/posts\/179820\/revisions"}],"predecessor-version":[{"id":179822,"href":"https:\/\/www.caririemacao.com\/1\/wp-json\/wp\/v2\/posts\/179820\/revisions\/179822"}],"wp:featuredmedia":[{"embeddable":true,"href":"https:\/\/www.caririemacao.com\/1\/wp-json\/wp\/v2\/media\/179821"}],"wp:attachment":[{"href":"https:\/\/www.caririemacao.com\/1\/wp-json\/wp\/v2\/media?parent=179820"}],"wp:term":[{"taxonomy":"category","embeddable":true,"href":"https:\/\/www.caririemacao.com\/1\/wp-json\/wp\/v2\/categories?post=179820"},{"taxonomy":"post_tag","embeddable":true,"href":"https:\/\/www.caririemacao.com\/1\/wp-json\/wp\/v2\/tags?post=179820"}],"curies":[{"name":"wp","href":"https:\/\/api.w.org\/{rel}","templated":true}]}}