{"id":179824,"date":"2020-07-21T09:17:09","date_gmt":"2020-07-21T12:17:09","guid":{"rendered":"https:\/\/www.caririemacao.com\/1\/?p=179824"},"modified":"2020-07-21T09:17:09","modified_gmt":"2020-07-21T12:17:09","slug":"auxilio-emergencial-quem-fez-o-pedido-ate-2-de-julho-ja-pode-fazer-consulta","status":"publish","type":"post","link":"https:\/\/www.caririemacao.com\/1\/2020\/07\/21\/auxilio-emergencial-quem-fez-o-pedido-ate-2-de-julho-ja-pode-fazer-consulta\/","title":{"rendered":"Aux\u00edlio emergencial: quem fez o pedido at\u00e9 2 de julho j\u00e1 pode fazer consulta"},"content":{"rendered":"\n<h1 class=\"wp-block-heading\"><\/h1>\n\n\n\n<p>Para consultar, \u00e9 preciso acessar o site https:\/\/consultaauxilio.dataprev.gov.br\/consulta\/# e preencher os campos solicitados com CPF, nome completo, nome da m\u00e3e e data de nascimento.<\/p>\n\n\n\n<p>A Dataprev, respons\u00e1vel pelo processamento de dados dos benefici\u00e1rios, anunciou nesta segunda-feira (20) que atingiu 99,8% da an\u00e1lise de todos os requerimentos enviados.<\/p>\n\n\n\n<p>Na \u00faltima quinta-feira (16), novo lote de resultados dos pedidos dos cidad\u00e3os foi enviado \u00e0 Caixa, ap\u00f3s homologa\u00e7\u00e3o das informa\u00e7\u00f5es pelo Minist\u00e9rio da Cidadania.<\/p>\n\n\n\n<p>Com isso, diz a Dataprev, 721.337 pessoas foram consideradas eleg\u00edveis apenas no m\u00eas de julho. O calend\u00e1rio para esses benefici\u00e1rios ainda dever\u00e1 ser divulgado pela Caixa.<\/p>\n\n\n\n<p>At\u00e9 as 15h desta segunda-feira (20), a Dataprev afirmava estar com 122.805 pedidos para serem reprocessados. O n\u00famero representa 0,22% de todas as solicita\u00e7\u00f5es recebidas da Caixa, que foram de 56.253.131. Desse total, 56.130.326 j\u00e1 foram devolvidos ao banco.<\/p>\n\n\n\n<p>Resultados de julho Segundo a Dataprev, os \u00faltimos lotes enviados, em julho, contemplaram resultados de 2.078.064 requerimentos. Nem todos os pedidos acabam sendo aprovados porque, ap\u00f3s an\u00e1lise, pode ser constatado que o benefici\u00e1rio n\u00e3o atenda aos crit\u00e9rios de elegibilidade.<\/p>\n\n\n\n<p>A maior parte dos cadastros (1.771.713), explica a empresa de tecnologia, \u00e9 referente aos pedidos feitos entre os dias 17 de junho e 2 de julho, prazo final para a solicita\u00e7\u00e3o do aux\u00edlio.<\/p>\n\n\n\n<p>Os outros 306.351 s\u00e3o solicita\u00e7\u00f5es de outros per\u00edodos que haviam sido retidos pelo Minist\u00e9rio da Cidadania devido \u00e0 \u201ccomplexidade de cen\u00e1rios\u201d.<\/p>\n\n\n\n<p>At\u00e9 o dia 10 de julho, 917.305 cidad\u00e3os estavam com os cadastros classificados como \u201cinconclusivos\u201d nos sistemas da Dataprev. Os cidad\u00e3os ainda podem complementar seus dados via aplicativo e site da Caixa para que sejam processados seus requerimentos.<\/p>\n\n\n\n<p>O cadastro pode ser considerado inconclusivo por conta de poss\u00edveis erros durante o preenchimento do requerimento, informou o Minist\u00e9rio da Cidadania.<\/p>\n\n\n\n<p>Al\u00e9m disso, alguns erros na hora de preencher o cadastro podem ter levado a uma verifica\u00e7\u00e3o mais demorada, ou ainda voltar com a resposta \u201cdados inconclusivos\u201d.<\/p>\n\n\n\n<p><strong>Outros erros de cadastro e preenchimento:<\/strong><br>Marca\u00e7\u00e3o como chefe de fam\u00edlia sem indica\u00e7\u00e3o de nenhum membro; falta de inser\u00e7\u00e3o da informa\u00e7\u00e3o de sexo; inser\u00e7\u00e3o incorreta de dados de membro da fam\u00edlia, tais como CPF e data de nascimento; mais de uma pessoa faz o cadastro e h\u00e1 diverg\u00eancia nos dados entre eles; cadastro por mais de duas pessoas do mesmo grupo familiar; inclus\u00e3o de alguma pessoa da fam\u00edlia com indicativo de \u00f3bito; se regularizou ou atualizou os dados do CPF recentemente, deve aguardar pelo menos tr\u00eas dias para tentar novamente<\/p>\n\n\n\n<p><strong>Benefici\u00e1rios do aux\u00edlio<\/strong><br>De acordo com a Dataprev, o aux\u00edlio emergencial dever\u00e1 chegar direta ou indiretamente a 125,4 milh\u00f5es de cidad\u00e3os. A estimativa leva em considera\u00e7\u00e3o os registros atualizados at\u00e9 a \u00faltima sexta (17).<\/p>\n\n\n\n<p>O n\u00famero, diz a empresa de tecnologia, contempla as 66,1 milh\u00f5es de pessoas consideradas eleg\u00edveis por atenderem os crit\u00e9rios previstos na lei que criou o aux\u00edlio, e os membros dessas fam\u00edlias. O recorte inclui todos os grupos do benef\u00edcio: informais, benefici\u00e1rios do Bolsa Fam\u00edlia e inscritos no Cadastro \u00danico.<\/p>\n\n\n\n<p>As outras 59,3 milh\u00f5es de pessoas alcan\u00e7adas pelo aux\u00edlio, que fazem parte das fam\u00edlias dos cidad\u00e3os eleg\u00edveis (66,1 milh\u00f5es), est\u00e3o distribu\u00eddas da seguinte forma:<\/p>\n\n\n\n<p>35.037.927 consideradas ineleg\u00edveis \u2013 sendo 70% menores de idade, ou seja: 24.476.222 pessoas; 180.058 com o pedido inconclusivo;<\/p>\n\n\n\n<p>24.118.696 indicadas pelos requerentes beneficiados (informais), mas que n\u00e3o solicitaram recursos<\/p>\n\n\n\n<p><strong>Reconhecimento da 1\u00aa parcela<\/strong><br>A Dataprev explica que a sua atua\u00e7\u00e3o no reconhecimento do direito do cidad\u00e3o est\u00e1 restrita apenas \u00e0 primeira parcela do benef\u00edcio. A reavalia\u00e7\u00e3o e autoriza\u00e7\u00e3o para pagamento das demais parcelas s\u00e3o hoje realizadas pelo Minist\u00e9rio da Cidadania.<\/p>\n","protected":false},"excerpt":{"rendered":"<p>Para consultar, \u00e9 preciso acessar o site https:\/\/consultaauxilio.dataprev.gov.br\/consulta\/# e preencher os campos solicitados com CPF, nome completo, nome da m\u00e3e e data de nascimento. A&hellip; <\/p>\n","protected":false},"author":2,"featured_media":179825,"comment_status":"closed","ping_status":"closed","sticky":false,"template":"","format":"standard","meta":{"sfsi_plus_gutenberg_text_before_share":"","sfsi_plus_gutenberg_show_text_before_share":"","sfsi_plus_gutenberg_icon_type":"","sfsi_plus_gutenberg_icon_alignemt":"","sfsi_plus_gutenburg_max_per_row":"","footnotes":""},"categories":[2],"tags":[],"class_list":["post-179824","post","type-post","status-publish","format-standard","has-post-thumbnail","hentry","category-geral"],"_links":{"self":[{"href":"https:\/\/www.caririemacao.com\/1\/wp-json\/wp\/v2\/posts\/179824","targetHints":{"allow":["GET"]}}],"collection":[{"href":"https:\/\/www.caririemacao.com\/1\/wp-json\/wp\/v2\/posts"}],"about":[{"href":"https:\/\/www.caririemacao.com\/1\/wp-json\/wp\/v2\/types\/post"}],"author":[{"embeddable":true,"href":"https:\/\/www.caririemacao.com\/1\/wp-json\/wp\/v2\/users\/2"}],"replies":[{"embeddable":true,"href":"https:\/\/www.caririemacao.com\/1\/wp-json\/wp\/v2\/comments?post=179824"}],"version-history":[{"count":1,"href":"https:\/\/www.caririemacao.com\/1\/wp-json\/wp\/v2\/posts\/179824\/revisions"}],"predecessor-version":[{"id":179826,"href":"https:\/\/www.caririemacao.com\/1\/wp-json\/wp\/v2\/posts\/179824\/revisions\/179826"}],"wp:featuredmedia":[{"embeddable":true,"href":"https:\/\/www.caririemacao.com\/1\/wp-json\/wp\/v2\/media\/179825"}],"wp:attachment":[{"href":"https:\/\/www.caririemacao.com\/1\/wp-json\/wp\/v2\/media?parent=179824"}],"wp:term":[{"taxonomy":"category","embeddable":true,"href":"https:\/\/www.caririemacao.com\/1\/wp-json\/wp\/v2\/categories?post=179824"},{"taxonomy":"post_tag","embeddable":true,"href":"https:\/\/www.caririemacao.com\/1\/wp-json\/wp\/v2\/tags?post=179824"}],"curies":[{"name":"wp","href":"https:\/\/api.w.org\/{rel}","templated":true}]}}