{"id":17983,"date":"2017-04-18T19:06:11","date_gmt":"2017-04-18T22:06:11","guid":{"rendered":"http:\/\/caririemacao.com\/1\/?p=17983"},"modified":"2017-04-18T19:06:11","modified_gmt":"2017-04-18T22:06:11","slug":"papa-envia-carta-a-temer-e-recusa-visita-ao-brasil","status":"publish","type":"post","link":"https:\/\/www.caririemacao.com\/1\/2017\/04\/18\/papa-envia-carta-a-temer-e-recusa-visita-ao-brasil\/","title":{"rendered":"Papa envia carta a Temer e recusa visita ao Brasil"},"content":{"rendered":"<p>Em carta ao presidente Michel Temer, papa Francisco recusou um convite para visitar o Brasil e cobrou que o mandat\u00e1rio evite medidas que agravem a situa\u00e7\u00e3o da popula\u00e7\u00e3o carente no pa\u00eds. A correspond\u00eancia foi uma resposta a outra enviada por Temer no fim de 2016, na qual o l\u00edder da Igreja Cat\u00f3lica era convidado formalmente para as celebra\u00e7\u00f5es dos 300 anos da apari\u00e7\u00e3o de Nossa Senhora Aparecida, comemorados em 2017.<\/p>\n<p>\u201cSei bem que a crise que o pa\u00eds enfrenta n\u00e3o \u00e9 de simples solu\u00e7\u00e3o, uma vez que tem ra\u00edzes s\u00f3cio-pol\u00edtico-econ\u00f4micas, e n\u00e3o corresponde \u00e0 Igreja nem ao papa dar uma receita concreta para resolver algo t\u00e3o complexo\u201d, escreveu o Pont\u00edfice, segundo trecho publicado pelo comentarista pol\u00edtico Gerson Camarotti, da emissora Globo News.<\/p>\n<p>\u201cPor\u00e9m n\u00e3o posso deixar de pensar em tantas pessoas, sobretudo nos mais pobres, que muitas vezes se veem completamente abandonados e costumam ser aqueles que pagam o pre\u00e7o mais amargo e dilacerante de algumas solu\u00e7\u00f5es f\u00e1ceis e superficiais para crises que v\u00e3o muito al\u00e9m da esfera meramente financeira\u201d, acrescentou.<\/p>\n<p>Sobre o convite, Francisco disse que, devido a sua intensa agenda, n\u00e3o poderia visitar o Brasil neste ano. Ainda de acordo com Camarotti, Jorge Bergoglio afirmou rezar pelo pa\u00eds e que acompanha \u201ccom aten\u00e7\u00e3o\u201d os acontecimentos no pa\u00eds. O papa tamb\u00e9m lembrou que n\u00e3o se pode \u201cconfiar nas for\u00e7as cegas e na m\u00e3o invis\u00edvel do mercado\u201d, em um momento em que o governo Temer tenta aprovar reformas econ\u00f4micas para garantir a confian\u00e7a dos investidores.<\/p>\n<p>Em setembro passado, na inaugura\u00e7\u00e3o de uma imagem de Nossa Senhora Aparecida no Vaticano, o Pont\u00edfice j\u00e1 havia dito que o Brasil passava por um \u201cmomento triste\u201d. Um m\u00eas antes, Francisco enviara uma carta n\u00e3o oficial em apoio a Dilma Rousseff, que na \u00e9poca ainda n\u00e3o havia sofrido impeachment. Bergoglio, por\u00e9m, sempre evitou se posicionar publicamente sobre a crise pol\u00edtica brasileira.<\/p>\n<p><strong>CARIRI EM A\u00c7\u00c3O<\/strong><\/p>\n<p><strong>Com ANSA \/ Fotos: Reprodu\u00e7\u00e3o Google\u00a0<\/strong><\/p>\n<p><strong>Leia mais not\u00edcias em\u00a0<\/strong><a href=\"http:\/\/www.caririemacao.com\/\"><strong>caririemacao.com<\/strong><\/a><strong>, siga nossa p\u00e1gina no\u00a0<\/strong><a href=\"https:\/\/www.facebook.com\/CaririEmAcao\/?ref=aymt_homepage_panel\"><strong>Facebook<\/strong><\/a><strong>\u00a0e\u00a0<a href=\"https:\/\/www.instagram.com\/cariri_em_acao\/?hl=pt-br\">Instagram<\/a>\u00a0veja nossas mat\u00e9rias e fotos. Voc\u00ea tamb\u00e9m pode enviar informa\u00e7\u00f5es \u00e0 Reda\u00e7\u00e3o do Portal Cariri em A\u00e7\u00e3o pelo WhatsApp (83) 9 9634.5791, (83) 9 9601-1162.<\/strong><\/p>\n","protected":false},"excerpt":{"rendered":"<p>Em carta ao presidente Michel Temer, papa Francisco recusou um convite para visitar o Brasil e cobrou que o mandat\u00e1rio evite medidas que agravem a&hellip; <\/p>\n","protected":false},"author":2,"featured_media":17994,"comment_status":"closed","ping_status":"closed","sticky":false,"template":"","format":"standard","meta":{"sfsi_plus_gutenberg_text_before_share":"","sfsi_plus_gutenberg_show_text_before_share":"","sfsi_plus_gutenberg_icon_type":"","sfsi_plus_gutenberg_icon_alignemt":"","sfsi_plus_gutenburg_max_per_row":"","footnotes":""},"categories":[2],"tags":[],"class_list":["post-17983","post","type-post","status-publish","format-standard","has-post-thumbnail","hentry","category-geral"],"_links":{"self":[{"href":"https:\/\/www.caririemacao.com\/1\/wp-json\/wp\/v2\/posts\/17983","targetHints":{"allow":["GET"]}}],"collection":[{"href":"https:\/\/www.caririemacao.com\/1\/wp-json\/wp\/v2\/posts"}],"about":[{"href":"https:\/\/www.caririemacao.com\/1\/wp-json\/wp\/v2\/types\/post"}],"author":[{"embeddable":true,"href":"https:\/\/www.caririemacao.com\/1\/wp-json\/wp\/v2\/users\/2"}],"replies":[{"embeddable":true,"href":"https:\/\/www.caririemacao.com\/1\/wp-json\/wp\/v2\/comments?post=17983"}],"version-history":[{"count":0,"href":"https:\/\/www.caririemacao.com\/1\/wp-json\/wp\/v2\/posts\/17983\/revisions"}],"wp:featuredmedia":[{"embeddable":true,"href":"https:\/\/www.caririemacao.com\/1\/wp-json\/wp\/v2\/media\/17994"}],"wp:attachment":[{"href":"https:\/\/www.caririemacao.com\/1\/wp-json\/wp\/v2\/media?parent=17983"}],"wp:term":[{"taxonomy":"category","embeddable":true,"href":"https:\/\/www.caririemacao.com\/1\/wp-json\/wp\/v2\/categories?post=17983"},{"taxonomy":"post_tag","embeddable":true,"href":"https:\/\/www.caririemacao.com\/1\/wp-json\/wp\/v2\/tags?post=17983"}],"curies":[{"name":"wp","href":"https:\/\/api.w.org\/{rel}","templated":true}]}}