{"id":17984,"date":"2017-04-18T14:59:16","date_gmt":"2017-04-18T17:59:16","guid":{"rendered":"http:\/\/caririemacao.com\/1\/?p=17984"},"modified":"2017-04-18T14:59:16","modified_gmt":"2017-04-18T17:59:16","slug":"secretaria-de-assistencia-social-de-sume-participa-do-encontro-regional-de-gestores-do-nordeste","status":"publish","type":"post","link":"https:\/\/www.caririemacao.com\/1\/2017\/04\/18\/secretaria-de-assistencia-social-de-sume-participa-do-encontro-regional-de-gestores-do-nordeste\/","title":{"rendered":"Secret\u00e1ria de Assist\u00eancia Social de Sum\u00e9 participa do Encontro Regional de Gestores do Nordeste"},"content":{"rendered":"<p>A secret\u00e1ria de Assist\u00eancia Social de Sum\u00e9, Tanniery L\u00eala, participa no Centro de Conven\u00e7\u00f5es em Jo\u00e3o Pessoa (PB) do Encontro Regional de Gestores de Assist\u00eancia Social do Nordeste, promovido pelo CONGEMAS (Colegiado Nacional de Gestores de Assist\u00eancia Social).<\/p>\n<p>O evento iniciou nesta ter\u00e7a-feira (18) e encerra-se nesta quarta-feira, dia 19 de abril, tendo como objetivo discutir v\u00e1rios temas voltados \u00e0 assist\u00eancia social.<\/p>\n<p><a href=\"http:\/\/caririemacao.com\/1\/wp-content\/uploads\/2017\/04\/sm2.jpg\"><img fetchpriority=\"high\" decoding=\"async\" class=\"aligncenter wp-image-17986 size-full\" src=\"http:\/\/caririemacao.com\/1\/wp-content\/uploads\/2017\/04\/sm2.jpg\" alt=\"sm2\" width=\"960\" height=\"540\" srcset=\"https:\/\/www.caririemacao.com\/1\/wp-content\/uploads\/2017\/04\/sm2.jpg 960w, https:\/\/www.caririemacao.com\/1\/wp-content\/uploads\/2017\/04\/sm2-300x169.jpg 300w, https:\/\/www.caririemacao.com\/1\/wp-content\/uploads\/2017\/04\/sm2-768x432.jpg 768w\" sizes=\"(max-width: 960px) 100vw, 960px\" \/><\/a><\/p>\n<p>Al\u00e9m da secret\u00e1ria Tanniery L\u00eala, participam do evento Elidiene Batista (diretora da prote\u00e7\u00e3o b\u00e1sica), Edileide Batista (gestora do Cad\u00fanico e Bolsa Fam\u00edlia), Edv\u00e2nia Freitas (chefe de vigil\u00e2ncia socioassistencial), Francimere (coordenadora do CREAS) e Ednalva (coordenadora do CRAS).<\/p>\n<p>\u201cEste evento \u00e9 de suma import\u00e2ncia porque trata da gest\u00e3o da Assist\u00eancia social nos munic\u00edpios. Entre os assuntos que est\u00e3o sendo abordados est\u00e3o: Gest\u00e3o do SUAS, Prote\u00e7\u00e3o Social B\u00e1sica \u2013 PSB, Prote\u00e7\u00e3o social especial de m\u00e9dia e alta complexidade, Cadastro \u00danico e os programas de transfer\u00eancia de renda- Programa Bolsa Fam\u00edlia e BPC\u201d, explicou a secret\u00e1ria.<\/p>\n<p><strong>CARIRI EM A\u00c7\u00c3O<\/strong><\/p>\n<p>Leia mais not\u00edcias em\u00a0<a href=\"http:\/\/www.caririemacao.com\/\">caririemacao.com<\/a>, siga nossa p\u00e1gina no<a href=\"https:\/\/www.facebook.com\/CaririEmAcao\/\">\u00a0Facebook<\/a>\u00a0e\u00a0<a href=\"https:\/\/www.instagram.com\/cariri_em_acao\/?hl=pt-br\">Instagram<\/a>\u00a0veja nossas mat\u00e9rias e fotos. Voc\u00ea tamb\u00e9m pode enviar informa\u00e7\u00f5es \u00e0 Reda\u00e7\u00e3o do Portal Cariri em A\u00e7\u00e3o pelo WhatsApp (83) 9 9634.5791, (83) 9 9601-1162.<\/p>\n","protected":false},"excerpt":{"rendered":"<p>A secret\u00e1ria de Assist\u00eancia Social de Sum\u00e9, Tanniery L\u00eala, participa no Centro de Conven\u00e7\u00f5es em Jo\u00e3o Pessoa (PB) do Encontro Regional de Gestores de Assist\u00eancia&hellip; <\/p>\n","protected":false},"author":2,"featured_media":17985,"comment_status":"closed","ping_status":"closed","sticky":false,"template":"","format":"standard","meta":{"sfsi_plus_gutenberg_text_before_share":"","sfsi_plus_gutenberg_show_text_before_share":"","sfsi_plus_gutenberg_icon_type":"","sfsi_plus_gutenberg_icon_alignemt":"","sfsi_plus_gutenburg_max_per_row":"","footnotes":""},"categories":[6],"tags":[],"class_list":["post-17984","post","type-post","status-publish","format-standard","has-post-thumbnail","hentry","category-cidades"],"_links":{"self":[{"href":"https:\/\/www.caririemacao.com\/1\/wp-json\/wp\/v2\/posts\/17984","targetHints":{"allow":["GET"]}}],"collection":[{"href":"https:\/\/www.caririemacao.com\/1\/wp-json\/wp\/v2\/posts"}],"about":[{"href":"https:\/\/www.caririemacao.com\/1\/wp-json\/wp\/v2\/types\/post"}],"author":[{"embeddable":true,"href":"https:\/\/www.caririemacao.com\/1\/wp-json\/wp\/v2\/users\/2"}],"replies":[{"embeddable":true,"href":"https:\/\/www.caririemacao.com\/1\/wp-json\/wp\/v2\/comments?post=17984"}],"version-history":[{"count":0,"href":"https:\/\/www.caririemacao.com\/1\/wp-json\/wp\/v2\/posts\/17984\/revisions"}],"wp:featuredmedia":[{"embeddable":true,"href":"https:\/\/www.caririemacao.com\/1\/wp-json\/wp\/v2\/media\/17985"}],"wp:attachment":[{"href":"https:\/\/www.caririemacao.com\/1\/wp-json\/wp\/v2\/media?parent=17984"}],"wp:term":[{"taxonomy":"category","embeddable":true,"href":"https:\/\/www.caririemacao.com\/1\/wp-json\/wp\/v2\/categories?post=17984"},{"taxonomy":"post_tag","embeddable":true,"href":"https:\/\/www.caririemacao.com\/1\/wp-json\/wp\/v2\/tags?post=17984"}],"curies":[{"name":"wp","href":"https:\/\/api.w.org\/{rel}","templated":true}]}}