{"id":17990,"date":"2017-04-18T17:29:37","date_gmt":"2017-04-18T20:29:37","guid":{"rendered":"http:\/\/caririemacao.com\/1\/?p=17990"},"modified":"2017-04-18T17:29:37","modified_gmt":"2017-04-18T20:29:37","slug":"urgente-povo-invade-camara-dos-deputados","status":"publish","type":"post","link":"https:\/\/www.caririemacao.com\/1\/2017\/04\/18\/urgente-povo-invade-camara-dos-deputados\/","title":{"rendered":"URGENTE: Povo invade C\u00e2mara dos Deputados"},"content":{"rendered":"<p>Um grupo de manifestantes invadiu o plen\u00e1rio principal da <a class=\"premium-tip\" href=\"http:\/\/g1.globo.com\/tudo-sobre\/camara-dos-deputados\/\">C\u00e2mara<\/a> dos Deputados no in\u00edcio da tarde desta quarta-feira (16) e interrompeu o andamento de uma sess\u00e3o n\u00e3o deliberativa da Casa.<\/p>\n<p>Os cerca de 50 manifestantes subiram \u00e0 mesa da presid\u00eancia e se recusavam a sair do local. Durante o protesto, eles gritaram palavras de ordem contra a corrup\u00e7\u00e3o, pediram &#8220;general aqui&#8221; e defenderam uma interven\u00e7\u00e3o militar, atitude ilegal e contr\u00e1ria \u00e0 Constitui\u00e7\u00e3o. O grupo tamb\u00e9m cantou o Hino Nacional durante o protesto.<\/p>\n<p>Uma participante chegou a cuspir em um dos seguran\u00e7as da C\u00e2mara, o que iniciou um tumulto no local.<\/p>\n<p>O primeiro-secret\u00e1rio da C\u00e2mara, Beto Mansur (PRB-SP), e outros deputados foram ao local para tentar negociar a libera\u00e7\u00e3o do espa\u00e7o. Enquanto o grupo estava no plen\u00e1rio da Casa, o deputado Darc\u00edsio Perondi (PMDB-RS), criticou os manifestantes e pediu respeiro \u00e0 democracia.<\/p>\n<p>&#8220;Eles querem negociar, est\u00e3o chamando o general para sairem daqui. \u00c9 um grupo de direita, e o pa\u00eds n\u00e3o comporta mais isso [interven\u00e7\u00e3o militar]. Eu vivi a ditadura militar, eu vivi a desgra\u00e7a da administra\u00e7\u00e3o do PT, mas viva a democracia, tem que respeitar a democracia&#8221;, afirmou o peemedebista.<\/p>\n<p>De acordo com o deputado Marcos Rog\u00e9rio\u00a0 (DEM-RO), os parlamentares foram informados pela seguran\u00e7a da Casa de que havia a possibilidade de manifestantes estarem armados.<\/p>\n<p>&#8220;N\u00e3o podemos permitir que o parlamento, que representa a sociedade, sofra uma viol\u00eancia como essa&#8221;, afirmou.<\/p>\n<p><strong>Manifesto<\/strong><br \/>\nO grupo apresentou um manifesto no plen\u00e1rio com uma pauta extensa e pede, entre outros pontos, o fim de &#8220;supersal\u00e1rios&#8221; a servidores p\u00fablicos; de aposentadorias em valores elevados; de ensino classificado por eles como &#8220;carregado de ideologia&#8221;, al\u00e9m de fatores considerados pelos manifestantes como comunistas e socialistas.<\/p>\n<p>Os integrantes do grupo se disseram a favor da interven\u00e7\u00e3o militar no Brasil porque, segundo eles, os deputados federais est\u00e3o implantando o comunismo no Brasil.<\/p>\n<p>Eles tamb\u00e9m se dizem contr\u00e1rios a mudan\u00e7as no projeto de lei das medidas de combate \u00e0 corrup\u00e7\u00e3o. O protesto foi organizado por redes sociais, segundo o grupo.<\/p>\n<p>Durante a invas\u00e3o, uma das portas de acesso ao plen\u00e1rio da Casa foi quebrada pelo grupo.<\/p>\n<p><strong>Imprensa<\/strong><br \/>\nToda a imprensa foi retirada do plen\u00e1rio pela Pol\u00edcia Legislativa da C\u00e2mara. Rep\u00f3rteres e cinegrafistas foram retirados, sem que pudessem continuar registrando os procedimentos da Pol\u00edcia Legislativa.<\/p>\n<p>Al\u00e9m disso, a transmiss\u00e3o da sess\u00e3o pela TV C\u00e2mara foi interrompida enquanto os manifestantes estavam no plen\u00e1rio.<\/p>\n<p>Segundo Mansur, a imprensa foi expulsa do local porque a presen\u00e7a de jornalistas poderia atrapalhar na negocia\u00e7\u00e3o.<\/p>\n<p>&#8220;Se pusermos a imprensa aqui dentro, complica, porque a\u00ed que eles n\u00e3o saem, n\u00e3o negociam porque eles querem aparecer na m\u00eddia&#8221;, afirmou. Ainda de acordo com Mansur, todos ser\u00e3o indiciados.<\/p>\n<p>Cariri em A\u00e7\u00e3o<\/p>\n<p>Com G1<\/p>\n","protected":false},"excerpt":{"rendered":"<p>Um grupo de manifestantes invadiu o plen\u00e1rio principal da C\u00e2mara dos Deputados no in\u00edcio da tarde desta quarta-feira (16) e interrompeu o andamento de uma&hellip; <\/p>\n","protected":false},"author":2,"featured_media":17991,"comment_status":"closed","ping_status":"closed","sticky":false,"template":"","format":"standard","meta":{"sfsi_plus_gutenberg_text_before_share":"","sfsi_plus_gutenberg_show_text_before_share":"","sfsi_plus_gutenberg_icon_type":"","sfsi_plus_gutenberg_icon_alignemt":"","sfsi_plus_gutenburg_max_per_row":"","footnotes":""},"categories":[11],"tags":[],"class_list":["post-17990","post","type-post","status-publish","format-standard","has-post-thumbnail","hentry","category-politica"],"_links":{"self":[{"href":"https:\/\/www.caririemacao.com\/1\/wp-json\/wp\/v2\/posts\/17990","targetHints":{"allow":["GET"]}}],"collection":[{"href":"https:\/\/www.caririemacao.com\/1\/wp-json\/wp\/v2\/posts"}],"about":[{"href":"https:\/\/www.caririemacao.com\/1\/wp-json\/wp\/v2\/types\/post"}],"author":[{"embeddable":true,"href":"https:\/\/www.caririemacao.com\/1\/wp-json\/wp\/v2\/users\/2"}],"replies":[{"embeddable":true,"href":"https:\/\/www.caririemacao.com\/1\/wp-json\/wp\/v2\/comments?post=17990"}],"version-history":[{"count":0,"href":"https:\/\/www.caririemacao.com\/1\/wp-json\/wp\/v2\/posts\/17990\/revisions"}],"wp:featuredmedia":[{"embeddable":true,"href":"https:\/\/www.caririemacao.com\/1\/wp-json\/wp\/v2\/media\/17991"}],"wp:attachment":[{"href":"https:\/\/www.caririemacao.com\/1\/wp-json\/wp\/v2\/media?parent=17990"}],"wp:term":[{"taxonomy":"category","embeddable":true,"href":"https:\/\/www.caririemacao.com\/1\/wp-json\/wp\/v2\/categories?post=17990"},{"taxonomy":"post_tag","embeddable":true,"href":"https:\/\/www.caririemacao.com\/1\/wp-json\/wp\/v2\/tags?post=17990"}],"curies":[{"name":"wp","href":"https:\/\/api.w.org\/{rel}","templated":true}]}}