{"id":17996,"date":"2017-04-18T19:32:36","date_gmt":"2017-04-18T22:32:36","guid":{"rendered":"http:\/\/caririemacao.com\/1\/?p=17996"},"modified":"2017-04-18T19:32:36","modified_gmt":"2017-04-18T22:32:36","slug":"associacao-pede-afastamento-de-vital-do-rego-de-julgamentos-da-lava-jato-no-tcu","status":"publish","type":"post","link":"https:\/\/www.caririemacao.com\/1\/2017\/04\/18\/associacao-pede-afastamento-de-vital-do-rego-de-julgamentos-da-lava-jato-no-tcu\/","title":{"rendered":"Associa\u00e7\u00e3o pede afastamento de Vital do R\u00eago de julgamentos da Lava Jato no TCU"},"content":{"rendered":"<p>A Associa\u00e7\u00e3o da Auditoria de Controle Externo do Tribunal de Contas da Uni\u00e3o (AUD-TCU), por meio de nota, pediu o afastamento de autoridades do TCU citadas na dela\u00e7\u00e3o da Odebrecht de relatorias e julgamentos envolvendo a Petrobras e Eletrobras e construtoras envolvidas na Lava Jato. A medida seria necess\u00e1ria at\u00e9 que os respectivos Inqu\u00e9ritos sejam conclu\u00eddos pela Procuradoria-Geral da Rep\u00fablica e atinge o ministro paraibano Vital do R\u00eago Filho, alvo de um dos inqu\u00e9ritos autorizados pelo ministro \u00c9dson Fachin, do Supremo Tribunal Federal (STF), na semana passada. Al\u00e9m dele, o ministro Raimundo Carrero, presidente do TCU, tamb\u00e9m \u00e9 investigado na Lava Jato.<\/p>\n<p>De acordo com a nota, o pedido \u00e9 realizado sem nenhum prejulgamento dos investigados, mas como medida de prud\u00eancia para preserva\u00e7\u00e3o da credibilidade dos julgamentos pela Corte de Contas e da confian\u00e7a que nela deposita a sociedade brasileira. \u201cTodavia, respeitados tais preceitos constitucionais, \u00e9 preciso que o TCU adote medidas para prevenir conflito de interesses de forma a dar plena concretude aos princ\u00edpios da impessoalidade e da moralidade que devem permear todos os processos de controle externo, pois disso depende a acredita\u00e7\u00e3o social na judicatura de contas, essencial para a efici\u00eancia da gest\u00e3o, preven\u00e7\u00e3o e combate \u00e0 corrup\u00e7\u00e3o\u201d, explica a entidade.<\/p>\n<p>O ministro Luiz Edson Fachin, relator da Lava Jato no STF, autorizou a abertura de mais um inqu\u00e9rito contra o ministro do TCU Vital do R\u00eago. Ex-senador pelo PMDB paraibano, Vital foi citado por delatores da Odebrecht como um dos benefici\u00e1rios de R$ 10 milh\u00f5es em vantagens indevidas, supostamente solicitadas pelo ex-presidente da Transpetro S\u00e9rgio Machado, que tamb\u00e9m fez acordo de colabora\u00e7\u00e3o. A quantia teria sido paga entre 2012 e 2014.<\/p>\n<p>Em nota, o ministro do TCU afirmou que est\u00e1 \u00e0 disposi\u00e7\u00e3o das autoridades. Vital do R\u00eago disse ainda confiar que ser\u00e1 comprovada a falta de rela\u00e7\u00e3o os fatos investigados e que \u201cjamais negociou, com quem quer que seja, valores relacionados a doa\u00e7\u00f5es il\u00edcitas de campanhas eleitorais ou qualquer tipo de vantagem pessoal\u201d. Ele disse ainda que repudia \u201cas infundadas alega\u00e7\u00f5es divulgadas nos procedimentos de dela\u00e7\u00e3o premiada\u201d.<\/p>\n<p><strong>CARIRI EM A\u00c7\u00c3O<\/strong><\/p>\n<p>Com Contas Abertas\/Foto: Reprodu\u00e7\u00e3o Google<\/p>\n<p><strong>Leia mais not\u00edcias em\u00a0<\/strong><a href=\"http:\/\/www.caririemacao.com\/\"><strong>caririemacao.com<\/strong><\/a><strong>, siga nossa p\u00e1gina no\u00a0<\/strong><a href=\"https:\/\/www.facebook.com\/CaririEmAcao\/?ref=aymt_homepage_panel\"><strong>Facebook<\/strong><\/a><strong>\u00a0e\u00a0<a href=\"https:\/\/www.instagram.com\/cariri_em_acao\/?hl=pt-br\">Instagram<\/a>\u00a0veja nossas mat\u00e9rias e fotos. Voc\u00ea tamb\u00e9m pode enviar informa\u00e7\u00f5es \u00e0 Reda\u00e7\u00e3o do Portal Cariri em A\u00e7\u00e3o pelo WhatsApp (83) 9 9634.5791, (83) 9 9601-1162.<\/strong><\/p>\n","protected":false},"excerpt":{"rendered":"<p>A Associa\u00e7\u00e3o da Auditoria de Controle Externo do Tribunal de Contas da Uni\u00e3o (AUD-TCU), por meio de nota, pediu o afastamento de autoridades do TCU&hellip; <\/p>\n","protected":false},"author":2,"featured_media":17997,"comment_status":"closed","ping_status":"closed","sticky":false,"template":"","format":"standard","meta":{"sfsi_plus_gutenberg_text_before_share":"","sfsi_plus_gutenberg_show_text_before_share":"","sfsi_plus_gutenberg_icon_type":"","sfsi_plus_gutenberg_icon_alignemt":"","sfsi_plus_gutenburg_max_per_row":"","footnotes":""},"categories":[11],"tags":[],"class_list":["post-17996","post","type-post","status-publish","format-standard","has-post-thumbnail","hentry","category-politica"],"_links":{"self":[{"href":"https:\/\/www.caririemacao.com\/1\/wp-json\/wp\/v2\/posts\/17996","targetHints":{"allow":["GET"]}}],"collection":[{"href":"https:\/\/www.caririemacao.com\/1\/wp-json\/wp\/v2\/posts"}],"about":[{"href":"https:\/\/www.caririemacao.com\/1\/wp-json\/wp\/v2\/types\/post"}],"author":[{"embeddable":true,"href":"https:\/\/www.caririemacao.com\/1\/wp-json\/wp\/v2\/users\/2"}],"replies":[{"embeddable":true,"href":"https:\/\/www.caririemacao.com\/1\/wp-json\/wp\/v2\/comments?post=17996"}],"version-history":[{"count":0,"href":"https:\/\/www.caririemacao.com\/1\/wp-json\/wp\/v2\/posts\/17996\/revisions"}],"wp:featuredmedia":[{"embeddable":true,"href":"https:\/\/www.caririemacao.com\/1\/wp-json\/wp\/v2\/media\/17997"}],"wp:attachment":[{"href":"https:\/\/www.caririemacao.com\/1\/wp-json\/wp\/v2\/media?parent=17996"}],"wp:term":[{"taxonomy":"category","embeddable":true,"href":"https:\/\/www.caririemacao.com\/1\/wp-json\/wp\/v2\/categories?post=17996"},{"taxonomy":"post_tag","embeddable":true,"href":"https:\/\/www.caririemacao.com\/1\/wp-json\/wp\/v2\/tags?post=17996"}],"curies":[{"name":"wp","href":"https:\/\/api.w.org\/{rel}","templated":true}]}}