{"id":17999,"date":"2017-04-18T19:42:48","date_gmt":"2017-04-18T22:42:48","guid":{"rendered":"http:\/\/caririemacao.com\/1\/?p=17999"},"modified":"2017-04-18T19:42:48","modified_gmt":"2017-04-18T22:42:48","slug":"pesquisa-lula-lideram-em-todos-os-cenarios-inclusive-no-1-turno","status":"publish","type":"post","link":"https:\/\/www.caririemacao.com\/1\/2017\/04\/18\/pesquisa-lula-lideram-em-todos-os-cenarios-inclusive-no-1-turno\/","title":{"rendered":"PESQUISA: Lula lideram em todos os cen\u00e1rios, inclusive no 1\u00b0 turno"},"content":{"rendered":"<p>Pesquisa realizada pelo instituto Vox Populi e divulgada nesta ter\u00e7a-feira 18 pela CUT (Central \u00danica dos Trabalhadores) revela que o ex-presidente Lula venceria j\u00e1 em primeiro turno caso a elei\u00e7\u00e3o presidencial fosse hoje. Confira os dados da pesquisa divulgados pela central sindical:<\/p>\n<p>Se as elei\u00e7\u00f5es presidenciais fossem hoje, o ex-presidente Lula seria eleito em primeiro turno em todos os cen\u00e1rios pesquisados, mostra pesquisa CUT\/Vox Populi, realizada entre os dias 6 e 10 de abril.<\/p>\n<p>Lula tem de 44% a 45% dos votos v\u00e1lidos contra 32% a 35% da soma dos advers\u00e1rios nos tr\u00eas cen\u00e1rios da pesquisa estimulada. S\u00e3o os votos v\u00e1lidos, exclu\u00eddos os nulos, em branco e absten\u00e7\u00f5es, que valem para definir o resultado das elei\u00e7\u00f5es.<\/p>\n<p>Na compara\u00e7\u00e3o com A\u00e9cio (13% em dezembro e 9% em abril), Lula subiu de 37% em dezembro para 44% em abril. Jair Bolsonaro (PSC-RJ) subiu de 7% para 11% das inten\u00e7\u00f5es de voto. Marina se manteve com 10% e Ciro Gomes (PDT-CE) os mesmos 4%. A soma dos advers\u00e1rios \u00e9 de 34% dos votos v\u00e1lidos, os \u00fanicos contabilizados pelo Tribunal Superior Eleitoral.<\/p>\n<p>Na compara\u00e7\u00e3o com Alckmin (10% em dezembro e 6% em abril), Lula sobe para 45% contra 38% em dezembro. Bolsonaro subiu de 7% para 12%. Marina caiu de 12% para 11% e Ciro de 5% para 4%. A soma dos advers\u00e1rios \u00e9 de 33% das inten\u00e7\u00f5es de votos.<\/p>\n<p>Na compara\u00e7\u00e3o com Doria, Lula tem 45% das inten\u00e7\u00f5es de voto; Marina e Bolsonaro empatam com 11%; Ciro e Doria empatam com 5%; ningu\u00e9m\/ bancos\/nulos t\u00eam 16%; n\u00e3o sabem\/n\u00e3o responderam t\u00eam 7%. A soma dos advers\u00e1rios \u00e9 de 32%.<\/p>\n<p><strong>Lula tamb\u00e9m vence no segundo turno<\/strong><\/p>\n<p>Nas simula\u00e7\u00f5es de segundo turno, Lula tamb\u00e9m vence todos os candidatos. Se as elei\u00e7\u00f5es fossem hoje, Lula venceria A\u00e9cio Neves (PSDB-MG) por 50% a 17% das inten\u00e7\u00f5es de voto; Geraldo Alckmin (PSDB-SP) por 51% a 17%; Marina Silva (Rede-AC) por 49% a 19%; e Jo\u00e3o Doria (PSDB-SP) por 53% a 16%.<\/p>\n<p><strong>Lula \u00e9 o mais citado espontaneamente<\/strong><\/p>\n<p>No voto espont\u00e2neo, quando os entrevistados n\u00e3o recebem as cartelas com os nomes dos candidatos, Lula tamb\u00e9m vence todos os poss\u00edveis candidatos. Lula tem 36% das inten\u00e7\u00f5es de voto \u2013 em dezembro eram 31%; Doria surgiu com 6% das inten\u00e7\u00f5es. A\u00e9cio, Marina e Alckmin registraram queda de inten\u00e7\u00e3o de votos em rela\u00e7\u00e3o \u00e0 pesquisa realizada em dezembro do ano passado. A\u00e9cio caiu de 5% para 3%; Marina, de 4% para 2%; FHC, de 3% para 1%; e, Alckmin, de 2% para 1% &#8211; 8% disseram que votariam em outros; ningu\u00e9m\/branco\/nulo totalizou 14% e n\u00e3o sabe\/n\u00e3o responderam 29%.<\/p>\n<p>Para o presidente da CUT, Vagner Freitas, &#8220;quanto mais os brasileiros conhecem o presidente ileg\u00edtimo e golpista Michel Temer, mais avaliam seu desempenho como ruim e p\u00e9ssimo (65%) e mais sentem saudade do ex-presidente Lula&#8221;.<\/p>\n<p>Vagner avalia que as medidas de arrocho, como o desmonte da Previd\u00eancia (reprovado por 93% dos brasileiros) e a terceiriza\u00e7\u00e3o (reprovada por 80%), tamb\u00e9m contribuem para o crescimento das inten\u00e7\u00f5es de voto em Lula.<\/p>\n<p>Para ele, Temer \u00e9 um presidente sem projeto para o pa\u00eds, que n\u00e3o pensa na gera\u00e7\u00e3o de emprego e renda; s\u00f3 pensa em ajuste fiscal nas costas dos trabalhadores e essa \u00e9 das maiores raz\u00f5es para a avalia\u00e7\u00e3o negativa do ileg\u00edtimo.<\/p>\n<p><strong>Quanto mais o povo conhece Temer, melhor avaliado \u00e9 Lula<\/strong><\/p>\n<p>Algumas perguntas feitas pela pesquisa CUT-VOX confirmam a tese do presidente da CUT. \u00c0 pergunta quem \u00e9 o melhor presidente que o Brasil j\u00e1 teve 50% responderam que \u00e9 Lula (em dezembro eram 43%). O segundo colocado \u00e9 FHC, que registrou queda na prefer\u00eancia do povo: 11% em abril contra 13% em dezembro\/2016.<\/p>\n<p>Apesar do massacre da m\u00eddia e da persegui\u00e7\u00e3o do Judici\u00e1rio nos \u00faltimos anos, a maioria dos brasileiros diz que ele \u00e9 trabalhador (66%), um l\u00edder e um bom pol\u00edtico (64%), bom administrador\/competente (58%), \u00e9 capaz de enfrentar uma crise (58%), entende e se preocupa com os problemas das pessoas (57%), \u00e9 sincero\/tem credibilidade (45%) e \u00e9 honesto (32%).<\/p>\n<p>Aumentou para 57% o percentual de brasileiros que acham que Lula tem mais qualidades que defeitos (35%). Em dezembro do ano passado, 52% achavam que ele tinha mais qualidade e 39% mais defeitos.<\/p>\n<p>Tamb\u00e9m aumentou para 66% (em dezembro eram 58%), o percentual dos entrevistados que acham que Lula cometeu erros, mas fez muito mais coisas boas pelo povo e pelo Brasil. J\u00e1 os que acham que ele errou muito mais do que acertou caiu de 34% em dezembro para 28% em abril.<\/p>\n<p>J\u00e1 em rela\u00e7\u00e3o aos que admiram Lula, apesar da persegui\u00e7\u00e3o cruel da Lava Jato, aumentou de 33% para 35% o percentual dos que admiram Lula. Em dezembro de 2016, 33% dos entrevistados admiravam\/gostavam muito de Lula; em abril o percentual aumentou para 35%. J\u00e1 o percentual dos que n\u00e3o admiram\/nem gostam caiu de 37% no ano passado para 33% este ano.<\/p>\n<p>O mais admirado e tamb\u00e9m o presidente que melhorou a vida do povo. Para 58% dos brasileiros, a vida melhorou nos 12 anos de governos do PT, com Lula e Dilma. Apenas 13% disseram que piorou e 28% responderam que nem melhorou\/nem piorou.<\/p>\n<p>A pesquisa CUT-VOX POPULI entrevistou 2000 pessoas, em 118 munic\u00edpios brasileiros. A margem de erro \u00e9 de 2,2 %, estimada em um intervalo de confian\u00e7a de 95%.<\/p>\n<p>Foram ouvidas pessoas com mais de 16 anos, residentes em \u00e1reas urbanas e rurais, de todos os Estados e do Distrito Federal, em capitais, Regi\u00f5es Metropolitanas e no interior.<\/p>\n<p><strong>CARIRI EM A\u00c7\u00c3O<\/strong><\/p>\n<p>Com Wscom \/ Fotos: Reprodu\u00e7\u00e3o Google<\/p>\n<p><strong>Leia mais not\u00edcias em\u00a0<\/strong><a href=\"http:\/\/www.caririemacao.com\/\"><strong>caririemacao.com<\/strong><\/a><strong>, siga nossa p\u00e1gina no\u00a0<\/strong><a href=\"https:\/\/www.facebook.com\/CaririEmAcao\/?ref=aymt_homepage_panel\"><strong>Facebook<\/strong><\/a><strong>\u00a0e\u00a0<a href=\"https:\/\/www.instagram.com\/cariri_em_acao\/?hl=pt-br\">Instagram<\/a>\u00a0veja nossas mat\u00e9rias e fotos. Voc\u00ea tamb\u00e9m pode enviar informa\u00e7\u00f5es \u00e0 Reda\u00e7\u00e3o do Portal Cariri em A\u00e7\u00e3o pelo WhatsApp (83) 9 9634.5791, (83) 9 9601-1162.<\/strong><\/p>\n","protected":false},"excerpt":{"rendered":"<p>Pesquisa realizada pelo instituto Vox Populi e divulgada nesta ter\u00e7a-feira 18 pela CUT (Central \u00danica dos Trabalhadores) revela que o ex-presidente Lula venceria j\u00e1 em&hellip; <\/p>\n","protected":false},"author":2,"featured_media":18000,"comment_status":"closed","ping_status":"closed","sticky":false,"template":"","format":"standard","meta":{"sfsi_plus_gutenberg_text_before_share":"","sfsi_plus_gutenberg_show_text_before_share":"","sfsi_plus_gutenberg_icon_type":"","sfsi_plus_gutenberg_icon_alignemt":"","sfsi_plus_gutenburg_max_per_row":"","footnotes":""},"categories":[11],"tags":[],"class_list":["post-17999","post","type-post","status-publish","format-standard","has-post-thumbnail","hentry","category-politica"],"_links":{"self":[{"href":"https:\/\/www.caririemacao.com\/1\/wp-json\/wp\/v2\/posts\/17999","targetHints":{"allow":["GET"]}}],"collection":[{"href":"https:\/\/www.caririemacao.com\/1\/wp-json\/wp\/v2\/posts"}],"about":[{"href":"https:\/\/www.caririemacao.com\/1\/wp-json\/wp\/v2\/types\/post"}],"author":[{"embeddable":true,"href":"https:\/\/www.caririemacao.com\/1\/wp-json\/wp\/v2\/users\/2"}],"replies":[{"embeddable":true,"href":"https:\/\/www.caririemacao.com\/1\/wp-json\/wp\/v2\/comments?post=17999"}],"version-history":[{"count":0,"href":"https:\/\/www.caririemacao.com\/1\/wp-json\/wp\/v2\/posts\/17999\/revisions"}],"wp:featuredmedia":[{"embeddable":true,"href":"https:\/\/www.caririemacao.com\/1\/wp-json\/wp\/v2\/media\/18000"}],"wp:attachment":[{"href":"https:\/\/www.caririemacao.com\/1\/wp-json\/wp\/v2\/media?parent=17999"}],"wp:term":[{"taxonomy":"category","embeddable":true,"href":"https:\/\/www.caririemacao.com\/1\/wp-json\/wp\/v2\/categories?post=17999"},{"taxonomy":"post_tag","embeddable":true,"href":"https:\/\/www.caririemacao.com\/1\/wp-json\/wp\/v2\/tags?post=17999"}],"curies":[{"name":"wp","href":"https:\/\/api.w.org\/{rel}","templated":true}]}}