{"id":18002,"date":"2017-04-18T19:47:02","date_gmt":"2017-04-18T22:47:02","guid":{"rendered":"http:\/\/caririemacao.com\/1\/?p=18002"},"modified":"2017-04-18T19:47:31","modified_gmt":"2017-04-18T22:47:31","slug":"ricardo-acompanha-chegada-das-aguas-da-transposicao-a-barragem-de-boqueirao-nesta-quarta-feira","status":"publish","type":"post","link":"https:\/\/www.caririemacao.com\/1\/2017\/04\/18\/ricardo-acompanha-chegada-das-aguas-da-transposicao-a-barragem-de-boqueirao-nesta-quarta-feira\/","title":{"rendered":"Ricardo acompanha chegada das \u00e1guas da transposi\u00e7\u00e3o \u00e0 Barragem de Boqueir\u00e3o nesta quarta-feira"},"content":{"rendered":"<p>As \u00e1guas do rio S\u00e3o Francisco chegam na tarde desta quarta-feira (19) \u00e0 Barragem de Boqueir\u00e3o, ocasi\u00e3o da visita do governador\u00a0Ricardo Coutinho (PSB) ao local. As \u00e1guas cumprem\u00a0um\u00a0percurso de aproximadamente 130 km em solo paraibano at\u00e9 a \u00e1rea do reservat\u00f3rio, que abastece a cidade de Campina Grande e regi\u00e3o.<\/p>\n<p>Com a chegada das \u00e1guas \u00e0 Barragem de Boqueir\u00e3o, o qual se encontra com apenas 2,9% da sua capacidade de acumula\u00e7\u00e3o, as \u00e1guas do Velho Chico j\u00e1 beneficiar\u00e3o aproximadamente 716 mil habitantes, em um total de 18 munic\u00edpios, destacando-se a segunda maior cidade da Para\u00edba, que assim ter\u00e1 resolvida a sua crise h\u00eddrica.<\/p>\n<p>Os demais munic\u00edpios s\u00e3o: Barra de Santana, Caturit\u00e9, Queimadas, Pocinhos, Lagoa Seca, Matinhas, S\u00e3o Sebasti\u00e3o de Lagoa de Ro\u00e7a, Alagoa Nova, Boqueir\u00e3o, Boa Vista, Soledade, Juazeirinho, Cubati, Pedra Lavrada, Olivedos, Serid\u00f3, Cabaceiras.<\/p>\n<p><strong>CARIRI EM A\u00c7\u00c3O<\/strong><\/p>\n<p>Com Ascom \/ Fotos:\u00a0Cariri em A\u00e7\u00e3o<\/p>\n<p><strong>Leia mais not\u00edcias em\u00a0<\/strong><a href=\"http:\/\/www.caririemacao.com\/\"><strong>caririemacao.com<\/strong><\/a><strong>, siga nossa p\u00e1gina no\u00a0<\/strong><a href=\"https:\/\/www.facebook.com\/CaririEmAcao\/?ref=aymt_homepage_panel\"><strong>Facebook<\/strong><\/a><strong>\u00a0e\u00a0<a href=\"https:\/\/www.instagram.com\/cariri_em_acao\/?hl=pt-br\">Instagram<\/a>\u00a0veja nossas mat\u00e9rias e fotos. Voc\u00ea tamb\u00e9m pode enviar informa\u00e7\u00f5es \u00e0 Reda\u00e7\u00e3o do Portal Cariri em A\u00e7\u00e3o pelo WhatsApp (83) 9 9634.5791, (83) 9 9601-1162.<\/strong><\/p>\n","protected":false},"excerpt":{"rendered":"<p>As \u00e1guas do rio S\u00e3o Francisco chegam na tarde desta quarta-feira (19) \u00e0 Barragem de Boqueir\u00e3o, ocasi\u00e3o da visita do governador\u00a0Ricardo Coutinho (PSB) ao local.&hellip; <\/p>\n","protected":false},"author":2,"featured_media":15171,"comment_status":"closed","ping_status":"closed","sticky":false,"template":"","format":"standard","meta":{"sfsi_plus_gutenberg_text_before_share":"","sfsi_plus_gutenberg_show_text_before_share":"","sfsi_plus_gutenberg_icon_type":"","sfsi_plus_gutenberg_icon_alignemt":"","sfsi_plus_gutenburg_max_per_row":"","footnotes":""},"categories":[6],"tags":[],"class_list":["post-18002","post","type-post","status-publish","format-standard","has-post-thumbnail","hentry","category-cidades"],"_links":{"self":[{"href":"https:\/\/www.caririemacao.com\/1\/wp-json\/wp\/v2\/posts\/18002","targetHints":{"allow":["GET"]}}],"collection":[{"href":"https:\/\/www.caririemacao.com\/1\/wp-json\/wp\/v2\/posts"}],"about":[{"href":"https:\/\/www.caririemacao.com\/1\/wp-json\/wp\/v2\/types\/post"}],"author":[{"embeddable":true,"href":"https:\/\/www.caririemacao.com\/1\/wp-json\/wp\/v2\/users\/2"}],"replies":[{"embeddable":true,"href":"https:\/\/www.caririemacao.com\/1\/wp-json\/wp\/v2\/comments?post=18002"}],"version-history":[{"count":0,"href":"https:\/\/www.caririemacao.com\/1\/wp-json\/wp\/v2\/posts\/18002\/revisions"}],"wp:featuredmedia":[{"embeddable":true,"href":"https:\/\/www.caririemacao.com\/1\/wp-json\/wp\/v2\/media\/15171"}],"wp:attachment":[{"href":"https:\/\/www.caririemacao.com\/1\/wp-json\/wp\/v2\/media?parent=18002"}],"wp:term":[{"taxonomy":"category","embeddable":true,"href":"https:\/\/www.caririemacao.com\/1\/wp-json\/wp\/v2\/categories?post=18002"},{"taxonomy":"post_tag","embeddable":true,"href":"https:\/\/www.caririemacao.com\/1\/wp-json\/wp\/v2\/tags?post=18002"}],"curies":[{"name":"wp","href":"https:\/\/api.w.org\/{rel}","templated":true}]}}