{"id":18005,"date":"2017-04-18T19:51:10","date_gmt":"2017-04-18T22:51:10","guid":{"rendered":"http:\/\/caririemacao.com\/1\/?p=18005"},"modified":"2017-04-18T19:51:10","modified_gmt":"2017-04-18T22:51:10","slug":"secretaria-de-esportes-realiza-reuniao-de-planejamento-e-confirma-novas-competicoes","status":"publish","type":"post","link":"https:\/\/www.caririemacao.com\/1\/2017\/04\/18\/secretaria-de-esportes-realiza-reuniao-de-planejamento-e-confirma-novas-competicoes\/","title":{"rendered":"Secretaria de Esportes realiza reuni\u00e3o de planejamento e confirma novas competi\u00e7\u00f5es"},"content":{"rendered":"<p>Passado o feriado prolongado a Secretaria de Esportes j\u00e1 realizou nesta segunda-feira, 17, reuni\u00e3o de avalia\u00e7\u00e3o e planejamento das futuras atividades que ser\u00e3o realizadas pelo munic\u00edpio nos pr\u00f3ximos meses.<\/p>\n<p>A principal defini\u00e7\u00e3o da reuni\u00e3o foi a confirma\u00e7\u00e3o da nova data do 1\u00ba Torneio Municipal de Gam\u00e3o, que ficou marcada para o dia 07 de maio.<\/p>\n<p>\u201cOs praticantes de gam\u00e3o pediram a remarca\u00e7\u00e3o da data, que estava para acontecer no pr\u00f3ximo domingo, dia 23, em virtude do feriado da pr\u00f3xima sexta-feira, 21.\u201d, explicou o secretario Rostand Chaves.<\/p>\n<p>Durante a reuni\u00e3o tamb\u00e9m foram confirmadas as realiza\u00e7\u00f5es do Torneio de Tiro Esportivo, o Ciclismo com previs\u00e3o para at\u00e9 500 participantes e a Meia Maratona do S\u00e3o Jo\u00e3o.<\/p>\n<p>\u201cNosso calend\u00e1rio estar\u00e1 sempre em fase de adapta\u00e7\u00e3o e foi e continuar\u00e1 sendo fruto das colabora\u00e7\u00f5es dos desportistas e da determina\u00e7\u00e3o da prefeita Anna Lorena e do vice-prefeito Celecileno Alves\u201d, afirmou o secret\u00e1rio de Esportes.<\/p>\n<p><strong>CARIRI EM A\u00c7\u00c3O<\/strong><\/p>\n<p>Com Tribuna do Cariri \/ Fotos: Reprodu\u00e7\u00e3o<\/p>\n<p><strong>Leia mais not\u00edcias em\u00a0<\/strong><a href=\"http:\/\/www.caririemacao.com\/\"><strong>caririemacao.com<\/strong><\/a><strong>, siga nossa p\u00e1gina no\u00a0<\/strong><a href=\"https:\/\/www.facebook.com\/CaririEmAcao\/?ref=aymt_homepage_panel\"><strong>Facebook<\/strong><\/a><strong>\u00a0e\u00a0<a href=\"https:\/\/www.instagram.com\/cariri_em_acao\/?hl=pt-br\">Instagram<\/a>\u00a0veja nossas mat\u00e9rias e fotos. Voc\u00ea tamb\u00e9m pode enviar informa\u00e7\u00f5es \u00e0 Reda\u00e7\u00e3o do Portal Cariri em A\u00e7\u00e3o pelo WhatsApp (83) 9 9634.5791, (83) 9 9601-1162.<\/strong><\/p>\n","protected":false},"excerpt":{"rendered":"<p>Passado o feriado prolongado a Secretaria de Esportes j\u00e1 realizou nesta segunda-feira, 17, reuni\u00e3o de avalia\u00e7\u00e3o e planejamento das futuras atividades que ser\u00e3o realizadas pelo&hellip; <\/p>\n","protected":false},"author":2,"featured_media":13584,"comment_status":"closed","ping_status":"closed","sticky":false,"template":"","format":"standard","meta":{"sfsi_plus_gutenberg_text_before_share":"","sfsi_plus_gutenberg_show_text_before_share":"","sfsi_plus_gutenberg_icon_type":"","sfsi_plus_gutenberg_icon_alignemt":"","sfsi_plus_gutenburg_max_per_row":"","footnotes":""},"categories":[13],"tags":[],"class_list":["post-18005","post","type-post","status-publish","format-standard","has-post-thumbnail","hentry","category-esportes"],"_links":{"self":[{"href":"https:\/\/www.caririemacao.com\/1\/wp-json\/wp\/v2\/posts\/18005","targetHints":{"allow":["GET"]}}],"collection":[{"href":"https:\/\/www.caririemacao.com\/1\/wp-json\/wp\/v2\/posts"}],"about":[{"href":"https:\/\/www.caririemacao.com\/1\/wp-json\/wp\/v2\/types\/post"}],"author":[{"embeddable":true,"href":"https:\/\/www.caririemacao.com\/1\/wp-json\/wp\/v2\/users\/2"}],"replies":[{"embeddable":true,"href":"https:\/\/www.caririemacao.com\/1\/wp-json\/wp\/v2\/comments?post=18005"}],"version-history":[{"count":0,"href":"https:\/\/www.caririemacao.com\/1\/wp-json\/wp\/v2\/posts\/18005\/revisions"}],"wp:featuredmedia":[{"embeddable":true,"href":"https:\/\/www.caririemacao.com\/1\/wp-json\/wp\/v2\/media\/13584"}],"wp:attachment":[{"href":"https:\/\/www.caririemacao.com\/1\/wp-json\/wp\/v2\/media?parent=18005"}],"wp:term":[{"taxonomy":"category","embeddable":true,"href":"https:\/\/www.caririemacao.com\/1\/wp-json\/wp\/v2\/categories?post=18005"},{"taxonomy":"post_tag","embeddable":true,"href":"https:\/\/www.caririemacao.com\/1\/wp-json\/wp\/v2\/tags?post=18005"}],"curies":[{"name":"wp","href":"https:\/\/api.w.org\/{rel}","templated":true}]}}