{"id":18007,"date":"2017-04-18T19:54:56","date_gmt":"2017-04-18T22:54:56","guid":{"rendered":"http:\/\/caririemacao.com\/1\/?p=18007"},"modified":"2017-04-18T19:54:56","modified_gmt":"2017-04-18T22:54:56","slug":"prefeitura-de-zabele-convoca-beneficiarios-do-bolsa-familia-para-pesagem","status":"publish","type":"post","link":"https:\/\/www.caririemacao.com\/1\/2017\/04\/18\/prefeitura-de-zabele-convoca-beneficiarios-do-bolsa-familia-para-pesagem\/","title":{"rendered":"Prefeitura de Zabel\u00ea convoca benefici\u00e1rios do Bolsa Fam\u00edlia para pesagem"},"content":{"rendered":"<p>A Secretaria de Assist\u00eancia Social da cidade de Zabel\u00ea est\u00e1 convocando todas as fam\u00edlias benefici\u00e1rias do programa Bolsa Fam\u00edlia, do Governo Federal, para serem submetidas \u00e0 pesagem referente ao primeiro semestre deste ano para atualiza\u00e7\u00e3o do cadastro.<\/p>\n<p>Os benefici\u00e1rios devem se encaminhar para o Antigo Posto de Sa\u00fade, onde funciona a Secretaria de Sa\u00fade no centro da cidade. A pesagem se encerra na quinta-feira dia 20.<\/p>\n<p>O hor\u00e1rio para o atendimento das fam\u00edlias \u00e9 das 8 \u00e0s 11 horas e das 13 \u00e0s 17. Os benefici\u00e1rios que n\u00e3o comparecerem para realizar a pesagem correm o risco de perder o benef\u00edcio,\u00a0 os mesmos devem ter em m\u00e3os o cart\u00e3o do Bolsa Fam\u00edlia, carteira de vacina\u00e7\u00e3o e comprovante de endere\u00e7o.<\/p>\n<p>O compromisso assumido pelo benefici\u00e1rio do Bolsa Fam\u00edlia abrange a vacina\u00e7\u00e3o e acompanhamento do desenvolvimento nutricional das crian\u00e7as \u2013 por meio de pesagem e medi\u00e7\u00e3o \u2013 e de gestantes ou nutrizes (mulheres que estejam amamentando).<\/p>\n<p><strong>CARIRI EM A\u00c7\u00c3O<\/strong><\/p>\n<p><strong>Com Ascom\/ Fotos: Reprodu\u00e7\u00e3o Google\u00a0<\/strong><\/p>\n<p><strong>Leia mais not\u00edcias em\u00a0<\/strong><a href=\"http:\/\/www.caririemacao.com\/\"><strong>caririemacao.com<\/strong><\/a><strong>, siga nossa p\u00e1gina no\u00a0<\/strong><a href=\"https:\/\/www.facebook.com\/CaririEmAcao\/?ref=aymt_homepage_panel\"><strong>Facebook<\/strong><\/a><strong>\u00a0e\u00a0<a href=\"https:\/\/www.instagram.com\/cariri_em_acao\/?hl=pt-br\">Instagram<\/a>\u00a0veja nossas mat\u00e9rias e fotos. Voc\u00ea tamb\u00e9m pode enviar informa\u00e7\u00f5es \u00e0 Reda\u00e7\u00e3o do Portal Cariri em A\u00e7\u00e3o pelo WhatsApp (83) 9 9634.5791, (83) 9 9601-1162.<\/strong><\/p>\n","protected":false},"excerpt":{"rendered":"<p>A Secretaria de Assist\u00eancia Social da cidade de Zabel\u00ea est\u00e1 convocando todas as fam\u00edlias benefici\u00e1rias do programa Bolsa Fam\u00edlia, do Governo Federal, para serem submetidas&hellip; <\/p>\n","protected":false},"author":2,"featured_media":18008,"comment_status":"closed","ping_status":"closed","sticky":false,"template":"","format":"standard","meta":{"sfsi_plus_gutenberg_text_before_share":"","sfsi_plus_gutenberg_show_text_before_share":"","sfsi_plus_gutenberg_icon_type":"","sfsi_plus_gutenberg_icon_alignemt":"","sfsi_plus_gutenburg_max_per_row":"","footnotes":""},"categories":[2],"tags":[],"class_list":["post-18007","post","type-post","status-publish","format-standard","has-post-thumbnail","hentry","category-geral"],"_links":{"self":[{"href":"https:\/\/www.caririemacao.com\/1\/wp-json\/wp\/v2\/posts\/18007","targetHints":{"allow":["GET"]}}],"collection":[{"href":"https:\/\/www.caririemacao.com\/1\/wp-json\/wp\/v2\/posts"}],"about":[{"href":"https:\/\/www.caririemacao.com\/1\/wp-json\/wp\/v2\/types\/post"}],"author":[{"embeddable":true,"href":"https:\/\/www.caririemacao.com\/1\/wp-json\/wp\/v2\/users\/2"}],"replies":[{"embeddable":true,"href":"https:\/\/www.caririemacao.com\/1\/wp-json\/wp\/v2\/comments?post=18007"}],"version-history":[{"count":0,"href":"https:\/\/www.caririemacao.com\/1\/wp-json\/wp\/v2\/posts\/18007\/revisions"}],"wp:featuredmedia":[{"embeddable":true,"href":"https:\/\/www.caririemacao.com\/1\/wp-json\/wp\/v2\/media\/18008"}],"wp:attachment":[{"href":"https:\/\/www.caririemacao.com\/1\/wp-json\/wp\/v2\/media?parent=18007"}],"wp:term":[{"taxonomy":"category","embeddable":true,"href":"https:\/\/www.caririemacao.com\/1\/wp-json\/wp\/v2\/categories?post=18007"},{"taxonomy":"post_tag","embeddable":true,"href":"https:\/\/www.caririemacao.com\/1\/wp-json\/wp\/v2\/tags?post=18007"}],"curies":[{"name":"wp","href":"https:\/\/api.w.org\/{rel}","templated":true}]}}