{"id":180122,"date":"2020-07-22T16:17:01","date_gmt":"2020-07-22T19:17:01","guid":{"rendered":"https:\/\/www.caririemacao.com\/1\/?p=180122"},"modified":"2020-07-22T16:17:01","modified_gmt":"2020-07-22T19:17:01","slug":"homem-e-preso-por-fazer-a-propria-filha-de-escrava-sexual","status":"publish","type":"post","link":"https:\/\/www.caririemacao.com\/1\/2020\/07\/22\/homem-e-preso-por-fazer-a-propria-filha-de-escrava-sexual\/","title":{"rendered":"Homem \u00e9 preso por fazer a pr\u00f3pria filha de escrava sexual"},"content":{"rendered":"\n<p>Ap\u00f3s estuprar e manter a pr\u00f3pria filha,&nbsp;uma adolescente de 16 anos, como escrava sexual, um homem foi preso na Comunidade Bom Suspiro, no interior de Manicor\u00e9. O acusado mantinha a garota com \u201cesposa\u201d e costumava agredi-la quando ela recusava manter rela\u00e7\u00f5es com o pai. Mesmo sendo portador de HIV, os estupros aconteciam sem qualquer tipo de prote\u00e7\u00e3o.<\/p>\n\n\n\n<p>Quando a menina descobriu que estava gr\u00e1vida, pediu ajuda a um tio e a duas professoras, que acionaram o Conselho Tutelar. No \u00e1udio enviado ao parente, ela revela: \u201cO pai est\u00e1 demais porque ele fica me for\u00e7ando a fazer as coisas que eu n\u00e3o quero e me bate muito (\u2026). Ele me for\u00e7ou a transar e ainda fala que me ama, eu falei pra ele procurar uma mulher pra ele fazer porque eu sou filha dele. Ele quer me pegar de um jeito, quer chupar meu seio, quer me pegar desse jeito e daquele, ele j\u00e1 &#8216;conseguiu&#8217;. Me ajuda tio, por favor\u201d.<\/p>\n\n\n\n<p>O pai foi preso em casa e levado juntamente com a garota para a delegacia de Manicor\u00e9, onde ela foi encaminhada para um hospital e realizou exames que comprovaram que a jovem est\u00e1 gestante de tr\u00eas meses. Ela contou aos policiais que n\u00e3o tem certeza se o filho de fato \u00e9 dele, porque se relacionou duas vezes com um namorado \u00e0s escondidas.<\/p>\n\n\n\n<p>A menina tamb\u00e9m realizou exame para saber se tinha sido contaminada durante os anos de abusos, mas o resultado deu negativo. Ela ter\u00e1 que repetir periodicamente o teste para garantir que o v\u00edrus n\u00e3o est\u00e1 em est\u00e1gio de incuba\u00e7\u00e3o.<\/p>\n\n\n\n<p>A m\u00e3e da v\u00edtima, com quem ela morou at\u00e9 os sete anos em Porto Velho (RO), antes se ser entregue ao pai foi acionada pela Justi\u00e7a e est\u00e1 a caminho de Manaus para buscar a filha. Ela n\u00e3o tinha conhecimento da situa\u00e7\u00e3o.<\/p>\n\n\n\n<p>COM O LIBERAL<\/p>\n","protected":false},"excerpt":{"rendered":"<p>Ap\u00f3s estuprar e manter a pr\u00f3pria filha,&nbsp;uma adolescente de 16 anos, como escrava sexual, um homem foi preso na Comunidade Bom Suspiro, no interior de&hellip; <\/p>\n","protected":false},"author":1,"featured_media":180130,"comment_status":"closed","ping_status":"closed","sticky":false,"template":"","format":"standard","meta":{"sfsi_plus_gutenberg_text_before_share":"","sfsi_plus_gutenberg_show_text_before_share":"","sfsi_plus_gutenberg_icon_type":"","sfsi_plus_gutenberg_icon_alignemt":"","sfsi_plus_gutenburg_max_per_row":"","footnotes":""},"categories":[12],"tags":[],"class_list":["post-180122","post","type-post","status-publish","format-standard","has-post-thumbnail","hentry","category-policia"],"_links":{"self":[{"href":"https:\/\/www.caririemacao.com\/1\/wp-json\/wp\/v2\/posts\/180122","targetHints":{"allow":["GET"]}}],"collection":[{"href":"https:\/\/www.caririemacao.com\/1\/wp-json\/wp\/v2\/posts"}],"about":[{"href":"https:\/\/www.caririemacao.com\/1\/wp-json\/wp\/v2\/types\/post"}],"author":[{"embeddable":true,"href":"https:\/\/www.caririemacao.com\/1\/wp-json\/wp\/v2\/users\/1"}],"replies":[{"embeddable":true,"href":"https:\/\/www.caririemacao.com\/1\/wp-json\/wp\/v2\/comments?post=180122"}],"version-history":[{"count":1,"href":"https:\/\/www.caririemacao.com\/1\/wp-json\/wp\/v2\/posts\/180122\/revisions"}],"predecessor-version":[{"id":180131,"href":"https:\/\/www.caririemacao.com\/1\/wp-json\/wp\/v2\/posts\/180122\/revisions\/180131"}],"wp:featuredmedia":[{"embeddable":true,"href":"https:\/\/www.caririemacao.com\/1\/wp-json\/wp\/v2\/media\/180130"}],"wp:attachment":[{"href":"https:\/\/www.caririemacao.com\/1\/wp-json\/wp\/v2\/media?parent=180122"}],"wp:term":[{"taxonomy":"category","embeddable":true,"href":"https:\/\/www.caririemacao.com\/1\/wp-json\/wp\/v2\/categories?post=180122"},{"taxonomy":"post_tag","embeddable":true,"href":"https:\/\/www.caririemacao.com\/1\/wp-json\/wp\/v2\/tags?post=180122"}],"curies":[{"name":"wp","href":"https:\/\/api.w.org\/{rel}","templated":true}]}}