{"id":18013,"date":"2017-04-18T20:12:10","date_gmt":"2017-04-18T23:12:10","guid":{"rendered":"http:\/\/caririemacao.com\/1\/?p=18013"},"modified":"2017-04-18T20:12:10","modified_gmt":"2017-04-18T23:12:10","slug":"stf-define-que-sport-e-o-unico-campeao-brasileiro-de-1987-flamengo-perde-acao","status":"publish","type":"post","link":"https:\/\/www.caririemacao.com\/1\/2017\/04\/18\/stf-define-que-sport-e-o-unico-campeao-brasileiro-de-1987-flamengo-perde-acao\/","title":{"rendered":"STF define que Sport \u00e9 o \u00fanico campe\u00e3o brasileiro de 1987; Flamengo perde a\u00e7\u00e3o"},"content":{"rendered":"<p>Ap\u00f3s 30 anos de disputa na Justi\u00e7a, o Supremo Tribunal Federal (STF) decidiu nesta ter\u00e7a-feira (18) que o Sport Club do Recife deve ser considerado o \u00fanico campe\u00e3o brasileiro de 1987 . Por 3 votos a 1, a Primeira Turma da Corte negou recurso protocolado pelos advogados do Flamengo, clube que questionava o t\u00edtulo.<\/p>\n<p>O processo come\u00e7ou a tramitar em 1987, ap\u00f3s o Flamengo pedir para ser considerado oficialmente campe\u00e3o brasileiro daquele ano, juntamente com o Sport.<\/p>\n<p>Seguindo voto do relator e torcedor do Flamengo, ministro Marco Aur\u00e9lio, a maioria dos membros da Primeira Turma entendeu que a primeira decis\u00e3o proferida pela Justi\u00e7a de Pernambuco, que deu o t\u00edtulo para o Sport, transitou em julgado e n\u00e3o pode ser modificada.<\/p>\n<p>O t\u00edtulo do Campeonato Brasileiro de 1987 sairia de um quadrangular entre os campe\u00f5es do m\u00f3dulo verde e do m\u00f3dulo amarelo. Vencedor do m\u00f3dulo verde, o Flamengo se recusou a jogar contra o Sport, primeiro colocado do m\u00f3dulo amarelo. Com isso, o time recifense foi declarado campe\u00e3o pela Confedera\u00e7\u00e3o Brasileira de Futebol (CBF) pela campanha no torneio.<\/p>\n<p><strong>CARIRI EM A\u00c7\u00c3O<\/strong><\/p>\n<p>Com Portal Correio \/ Fotos: Reprodu\u00e7\u00e3o Google<\/p>\n<p><strong>Leia mais not\u00edcias em\u00a0<\/strong><a href=\"http:\/\/www.caririemacao.com\/\"><strong>caririemacao.com<\/strong><\/a><strong>, siga nossa p\u00e1gina no\u00a0<\/strong><a href=\"https:\/\/www.facebook.com\/CaririEmAcao\/?ref=aymt_homepage_panel\"><strong>Facebook<\/strong><\/a><strong>\u00a0e\u00a0<a href=\"https:\/\/www.instagram.com\/cariri_em_acao\/?hl=pt-br\">Instagram<\/a>\u00a0veja nossas mat\u00e9rias e fotos. Voc\u00ea tamb\u00e9m pode enviar informa\u00e7\u00f5es \u00e0 Reda\u00e7\u00e3o do Portal Cariri em A\u00e7\u00e3o pelo WhatsApp (83) 9 9634.5791, (83) 9 9601-1162.<\/strong><\/p>\n","protected":false},"excerpt":{"rendered":"<p>Ap\u00f3s 30 anos de disputa na Justi\u00e7a, o Supremo Tribunal Federal (STF) decidiu nesta ter\u00e7a-feira (18) que o Sport Club do Recife deve ser considerado&hellip; <\/p>\n","protected":false},"author":2,"featured_media":18014,"comment_status":"closed","ping_status":"closed","sticky":false,"template":"","format":"standard","meta":{"sfsi_plus_gutenberg_text_before_share":"","sfsi_plus_gutenberg_show_text_before_share":"","sfsi_plus_gutenberg_icon_type":"","sfsi_plus_gutenberg_icon_alignemt":"","sfsi_plus_gutenburg_max_per_row":"","footnotes":""},"categories":[13],"tags":[],"class_list":["post-18013","post","type-post","status-publish","format-standard","has-post-thumbnail","hentry","category-esportes"],"_links":{"self":[{"href":"https:\/\/www.caririemacao.com\/1\/wp-json\/wp\/v2\/posts\/18013","targetHints":{"allow":["GET"]}}],"collection":[{"href":"https:\/\/www.caririemacao.com\/1\/wp-json\/wp\/v2\/posts"}],"about":[{"href":"https:\/\/www.caririemacao.com\/1\/wp-json\/wp\/v2\/types\/post"}],"author":[{"embeddable":true,"href":"https:\/\/www.caririemacao.com\/1\/wp-json\/wp\/v2\/users\/2"}],"replies":[{"embeddable":true,"href":"https:\/\/www.caririemacao.com\/1\/wp-json\/wp\/v2\/comments?post=18013"}],"version-history":[{"count":0,"href":"https:\/\/www.caririemacao.com\/1\/wp-json\/wp\/v2\/posts\/18013\/revisions"}],"wp:featuredmedia":[{"embeddable":true,"href":"https:\/\/www.caririemacao.com\/1\/wp-json\/wp\/v2\/media\/18014"}],"wp:attachment":[{"href":"https:\/\/www.caririemacao.com\/1\/wp-json\/wp\/v2\/media?parent=18013"}],"wp:term":[{"taxonomy":"category","embeddable":true,"href":"https:\/\/www.caririemacao.com\/1\/wp-json\/wp\/v2\/categories?post=18013"},{"taxonomy":"post_tag","embeddable":true,"href":"https:\/\/www.caririemacao.com\/1\/wp-json\/wp\/v2\/tags?post=18013"}],"curies":[{"name":"wp","href":"https:\/\/api.w.org\/{rel}","templated":true}]}}