{"id":180132,"date":"2020-07-22T16:29:17","date_gmt":"2020-07-22T19:29:17","guid":{"rendered":"https:\/\/www.caririemacao.com\/1\/?p=180132"},"modified":"2020-07-22T16:39:03","modified_gmt":"2020-07-22T19:39:03","slug":"vizinha-flagra-jovem-surda-sendo-agredida-por-companheiro","status":"publish","type":"post","link":"https:\/\/www.caririemacao.com\/1\/2020\/07\/22\/vizinha-flagra-jovem-surda-sendo-agredida-por-companheiro\/","title":{"rendered":"Vizinha flagra jovem surda sendo agredida por companheiro"},"content":{"rendered":"\n<p>Uma jovem surda de 19 anos foi agredida pelo companheiro, tamb\u00e9m surdo, em Bauru, interior de S\u00e3o Paulo. O v\u00eddeo foi gravado por uma vizinha. As imagens ajudaram no pedido de prote\u00e7\u00e3o \u00e0 v\u00edtima. O crime aconteceu no s\u00e1bado (11). A m\u00e3e da mo\u00e7a contou que registrou um boletim de ocorr\u00eancia, a mulher tamb\u00e9m era estuprada pelo homem.<\/p>\n\n\n\n<p>Conforme a m\u00e3e da v\u00edtima, o homem da v\u00edtima tamb\u00e9m for\u00e7ou rela\u00e7\u00f5es sexuais com a jovem nas \u00faltimas semanas, o que configura estupro.<\/p>\n\n\n\n<p>A jovem morava com o agressor havia cerca de dois meses. No \u00faltimo s\u00e1bado, o homem deu chute, imobilizou e humilhou a jovem, que teve que passar por atendimento no pronto-socorro. A m\u00e3e relatou ainda que a filha teve machucados no corpo e a orelha cortada durante a agress\u00e3o.<\/p>\n\n\n\n<p>De acordo com o G1, a Delegacia de Defesa da Mulher de S\u00e3o Manuel a concedeu a medida protetiva, que tamb\u00e9m fez exame de corpo de delito. Ela foi ouvida nessa ter\u00e7a-feira (14), com um int\u00e9rprete de libras. O caso foi enviado \u00e0 pol\u00edcia de Bauru, onde aconteceram as agress\u00f5es. O suspeito permanece em liberdade. E a jovem est\u00e1 com a m\u00e3e.<\/p>\n\n\n\n<p>COM O LIBERAL<\/p>\n","protected":false},"excerpt":{"rendered":"<p>Uma jovem surda de 19 anos foi agredida pelo companheiro, tamb\u00e9m surdo, em Bauru, interior de S\u00e3o Paulo. O v\u00eddeo foi gravado por uma vizinha.&hellip; <\/p>\n","protected":false},"author":1,"featured_media":180139,"comment_status":"closed","ping_status":"closed","sticky":false,"template":"","format":"standard","meta":{"sfsi_plus_gutenberg_text_before_share":"","sfsi_plus_gutenberg_show_text_before_share":"","sfsi_plus_gutenberg_icon_type":"","sfsi_plus_gutenberg_icon_alignemt":"","sfsi_plus_gutenburg_max_per_row":"","footnotes":""},"categories":[12],"tags":[],"class_list":["post-180132","post","type-post","status-publish","format-standard","has-post-thumbnail","hentry","category-policia"],"_links":{"self":[{"href":"https:\/\/www.caririemacao.com\/1\/wp-json\/wp\/v2\/posts\/180132","targetHints":{"allow":["GET"]}}],"collection":[{"href":"https:\/\/www.caririemacao.com\/1\/wp-json\/wp\/v2\/posts"}],"about":[{"href":"https:\/\/www.caririemacao.com\/1\/wp-json\/wp\/v2\/types\/post"}],"author":[{"embeddable":true,"href":"https:\/\/www.caririemacao.com\/1\/wp-json\/wp\/v2\/users\/1"}],"replies":[{"embeddable":true,"href":"https:\/\/www.caririemacao.com\/1\/wp-json\/wp\/v2\/comments?post=180132"}],"version-history":[{"count":2,"href":"https:\/\/www.caririemacao.com\/1\/wp-json\/wp\/v2\/posts\/180132\/revisions"}],"predecessor-version":[{"id":180142,"href":"https:\/\/www.caririemacao.com\/1\/wp-json\/wp\/v2\/posts\/180132\/revisions\/180142"}],"wp:featuredmedia":[{"embeddable":true,"href":"https:\/\/www.caririemacao.com\/1\/wp-json\/wp\/v2\/media\/180139"}],"wp:attachment":[{"href":"https:\/\/www.caririemacao.com\/1\/wp-json\/wp\/v2\/media?parent=180132"}],"wp:term":[{"taxonomy":"category","embeddable":true,"href":"https:\/\/www.caririemacao.com\/1\/wp-json\/wp\/v2\/categories?post=180132"},{"taxonomy":"post_tag","embeddable":true,"href":"https:\/\/www.caririemacao.com\/1\/wp-json\/wp\/v2\/tags?post=180132"}],"curies":[{"name":"wp","href":"https:\/\/api.w.org\/{rel}","templated":true}]}}