{"id":180135,"date":"2020-07-22T16:25:57","date_gmt":"2020-07-22T19:25:57","guid":{"rendered":"https:\/\/www.caririemacao.com\/1\/?p=180135"},"modified":"2020-07-22T16:25:57","modified_gmt":"2020-07-22T19:25:57","slug":"mae-quer-que-filho-sofra-na-cadeia-apos-ter-estuprado-a-irma","status":"publish","type":"post","link":"https:\/\/www.caririemacao.com\/1\/2020\/07\/22\/mae-quer-que-filho-sofra-na-cadeia-apos-ter-estuprado-a-irma\/","title":{"rendered":"M\u00e3e quer que filho &#8216;sofra na cadeia&#8217; ap\u00f3s ter estuprado a irm\u00e3"},"content":{"rendered":"\n<p>&#8220;Deixa ele preso para sofrer na cadeia.&#8221; Assim disse a m\u00e3e sobre o filho de 19 anos, o qual ela denunciou por suspeita de estuprar a irm\u00e3 de oito anos em Itariri, no interior de S\u00e3o Paulo. A mulher, de 44 anos, que preferiu n\u00e3o se identificar, espera que o filho fique na pris\u00e3o. \u201cN\u00e3o quero mais olhar na cara dele\u201d, disse.<\/p>\n\n\n\n<p>A m\u00e3e, que relata ao G1 estar com dificuldade de dormir, disse que, antes de descobrir o que crime, percebeu mudan\u00e7a no comportamento da crian\u00e7a. &#8220;Ela ficava chorando e eu perguntava \u2018o que voc\u00ea tem filha?\u2019, e ela respondia que n\u00e3o era nada&#8221;, lembra.<\/p>\n\n\n\n<p>Mas a hist\u00f3ria foi revelada quando a v\u00edtima foi brincar na casa de um amigo e contou o que havia acontecido. A m\u00e3e do colega ouviu a hist\u00f3ria e fez a den\u00fancia ao conselho.<\/p>\n\n\n\n<p>A m\u00e3e soube pelos representantes do Conselho Tutelar, que foram at\u00e9 a casa e contaram que, segundo o relato da menina, o irm\u00e3o pediu que ela pegasse papel higi\u00eanico e levasse at\u00e9 a ele no banheiro. Ao chegar ao c\u00f4modo, o rapaz disse que era uma pegadinha e a trancou no banheiro, onde a estuprou.<\/p>\n\n\n\n<p>&#8220;Achei estranho ele fazer isso com a irm\u00e3 dele. Mandaram fazer exames, eu acompanhei tudo. Um dia depois da \u00faltima coleta de sangue a pol\u00edcia buscou ele&#8221;, lembra a m\u00e3e. &nbsp;A pris\u00e3o aconteceu na sexta-feira (17). Ela, que havia feito o boletim de ocorr\u00eancia na delegacia no in\u00edcio do m\u00eas, diz que ainda \u00e9 dif\u00edcil de acreditar no que aconteceu com os seus filhos.<\/p>\n\n\n\n<p>&#8220;Agora eu n\u00e3o consigo dormir, n\u00e3o sei como ele teve coragem de fazer isso com a irm\u00e3 dele. Eu estou sem palavras. N\u00e3o quero mais ver a cara dele&#8221;, desabafa.<\/p>\n\n\n\n<p>COM O LIBERAL <\/p>\n","protected":false},"excerpt":{"rendered":"<p>&#8220;Deixa ele preso para sofrer na cadeia.&#8221; Assim disse a m\u00e3e sobre o filho de 19 anos, o qual ela denunciou por suspeita de estuprar&hellip; <\/p>\n","protected":false},"author":1,"featured_media":180136,"comment_status":"closed","ping_status":"closed","sticky":false,"template":"","format":"standard","meta":{"sfsi_plus_gutenberg_text_before_share":"","sfsi_plus_gutenberg_show_text_before_share":"","sfsi_plus_gutenberg_icon_type":"","sfsi_plus_gutenberg_icon_alignemt":"","sfsi_plus_gutenburg_max_per_row":"","footnotes":""},"categories":[2,12],"tags":[],"class_list":["post-180135","post","type-post","status-publish","format-standard","has-post-thumbnail","hentry","category-geral","category-policia"],"_links":{"self":[{"href":"https:\/\/www.caririemacao.com\/1\/wp-json\/wp\/v2\/posts\/180135","targetHints":{"allow":["GET"]}}],"collection":[{"href":"https:\/\/www.caririemacao.com\/1\/wp-json\/wp\/v2\/posts"}],"about":[{"href":"https:\/\/www.caririemacao.com\/1\/wp-json\/wp\/v2\/types\/post"}],"author":[{"embeddable":true,"href":"https:\/\/www.caririemacao.com\/1\/wp-json\/wp\/v2\/users\/1"}],"replies":[{"embeddable":true,"href":"https:\/\/www.caririemacao.com\/1\/wp-json\/wp\/v2\/comments?post=180135"}],"version-history":[{"count":1,"href":"https:\/\/www.caririemacao.com\/1\/wp-json\/wp\/v2\/posts\/180135\/revisions"}],"predecessor-version":[{"id":180137,"href":"https:\/\/www.caririemacao.com\/1\/wp-json\/wp\/v2\/posts\/180135\/revisions\/180137"}],"wp:featuredmedia":[{"embeddable":true,"href":"https:\/\/www.caririemacao.com\/1\/wp-json\/wp\/v2\/media\/180136"}],"wp:attachment":[{"href":"https:\/\/www.caririemacao.com\/1\/wp-json\/wp\/v2\/media?parent=180135"}],"wp:term":[{"taxonomy":"category","embeddable":true,"href":"https:\/\/www.caririemacao.com\/1\/wp-json\/wp\/v2\/categories?post=180135"},{"taxonomy":"post_tag","embeddable":true,"href":"https:\/\/www.caririemacao.com\/1\/wp-json\/wp\/v2\/tags?post=180135"}],"curies":[{"name":"wp","href":"https:\/\/api.w.org\/{rel}","templated":true}]}}