{"id":180144,"date":"2020-07-22T17:09:42","date_gmt":"2020-07-22T20:09:42","guid":{"rendered":"https:\/\/www.caririemacao.com\/1\/?p=180144"},"modified":"2020-07-22T17:09:42","modified_gmt":"2020-07-22T20:09:42","slug":"foragida-do-df-ex-capa-da-playboy-e-presa-em-vitoria-por-trafico-de-drogas","status":"publish","type":"post","link":"https:\/\/www.caririemacao.com\/1\/2020\/07\/22\/foragida-do-df-ex-capa-da-playboy-e-presa-em-vitoria-por-trafico-de-drogas\/","title":{"rendered":"Foragida do DF, ex-capa da Playboy \u00e9 presa em Vit\u00f3ria por tr\u00e1fico de drogas"},"content":{"rendered":"\n<p>A garota de programa Fl\u00e1via Tamayo,&nbsp;mais conhecida como Pamela Pantera foi presa pela Pol\u00edcia Civil do Esp\u00edrito Santo, nesta ter\u00e7a-feira (21\/07). Ela \u00e9 suspeita de envolvimento com uma&nbsp;organiza\u00e7\u00e3o criminosa de garotas de programa de luxo.O bando era especializado em vender e distribuir drogas, principalmente as sint\u00e9ticas e coca\u00edna.<\/p>\n\n\n\n<figure><iframe width=\"695\" height=\"27\"><\/iframe><\/figure>\n\n\n\n<p>Capa de revistas masculinas famosas, como a Playboy \u2013 edi\u00e7\u00e3o publicada em Portugal \u2013 e a Sexy, e estrela de filmes er\u00f3ticos da franquia Brasileirinhas, a mulher oferecia uma esp\u00e9cie de card\u00e1pio sexual aos clientes mais ass\u00edduos. Os pre\u00e7os mais sofisticado sempre eram acompanhados de carreiras de p\u00f3, afirma o Metr\u00f3poles.<\/p>\n\n\n\n<p>Fl\u00e1via foi presa por volta das 2h na recep\u00e7\u00e3o de um hotel da orla da capital capixaba. A pris\u00e3o foi decretada pelo ju\u00edzo da 1\u00aa Vara de Entorpecentes do DF.<\/p>\n\n\n\n<p>Segundo apura\u00e7\u00e3o do Metr\u00f3poles,&nbsp;a Pol\u00edcia Civil contou que logo ap\u00f3s ser dada voz de pris\u00e3o, a mulher tentou chamar a aten\u00e7\u00e3o de clientes do hotel, fazendo um esc\u00e2ndalo. A corpora\u00e7\u00e3o detalha que, aos berros, Fl\u00e1via tentou tirar a pr\u00f3pria roupa, sendo impedida pelos agentes que atuavam na apreens\u00e3o.<\/p>\n\n\n\n<p>Com ela, foi apreendida pequena quantidade de droga para consumo pr\u00f3prio, uma quantia n\u00e3o divulgada em dinheiro em esp\u00e9cie e um celular. Ap\u00f3s ser lavrado Termo Circunstanciado, a suspeita foi encaminhada ao sistema penitenci\u00e1rio capixaba, onde permanece \u00e0 disposi\u00e7\u00e3o da justi\u00e7a brasiliense.<\/p>\n\n\n\n<p>com O LIBERAL<\/p>\n","protected":false},"excerpt":{"rendered":"<p>A garota de programa Fl\u00e1via Tamayo,&nbsp;mais conhecida como Pamela Pantera foi presa pela Pol\u00edcia Civil do Esp\u00edrito Santo, nesta ter\u00e7a-feira (21\/07). Ela \u00e9 suspeita de&hellip; <\/p>\n","protected":false},"author":1,"featured_media":180146,"comment_status":"closed","ping_status":"closed","sticky":false,"template":"","format":"standard","meta":{"sfsi_plus_gutenberg_text_before_share":"","sfsi_plus_gutenberg_show_text_before_share":"","sfsi_plus_gutenberg_icon_type":"","sfsi_plus_gutenberg_icon_alignemt":"","sfsi_plus_gutenburg_max_per_row":"","footnotes":""},"categories":[12],"tags":[],"class_list":["post-180144","post","type-post","status-publish","format-standard","has-post-thumbnail","hentry","category-policia"],"_links":{"self":[{"href":"https:\/\/www.caririemacao.com\/1\/wp-json\/wp\/v2\/posts\/180144","targetHints":{"allow":["GET"]}}],"collection":[{"href":"https:\/\/www.caririemacao.com\/1\/wp-json\/wp\/v2\/posts"}],"about":[{"href":"https:\/\/www.caririemacao.com\/1\/wp-json\/wp\/v2\/types\/post"}],"author":[{"embeddable":true,"href":"https:\/\/www.caririemacao.com\/1\/wp-json\/wp\/v2\/users\/1"}],"replies":[{"embeddable":true,"href":"https:\/\/www.caririemacao.com\/1\/wp-json\/wp\/v2\/comments?post=180144"}],"version-history":[{"count":1,"href":"https:\/\/www.caririemacao.com\/1\/wp-json\/wp\/v2\/posts\/180144\/revisions"}],"predecessor-version":[{"id":180147,"href":"https:\/\/www.caririemacao.com\/1\/wp-json\/wp\/v2\/posts\/180144\/revisions\/180147"}],"wp:featuredmedia":[{"embeddable":true,"href":"https:\/\/www.caririemacao.com\/1\/wp-json\/wp\/v2\/media\/180146"}],"wp:attachment":[{"href":"https:\/\/www.caririemacao.com\/1\/wp-json\/wp\/v2\/media?parent=180144"}],"wp:term":[{"taxonomy":"category","embeddable":true,"href":"https:\/\/www.caririemacao.com\/1\/wp-json\/wp\/v2\/categories?post=180144"},{"taxonomy":"post_tag","embeddable":true,"href":"https:\/\/www.caririemacao.com\/1\/wp-json\/wp\/v2\/tags?post=180144"}],"curies":[{"name":"wp","href":"https:\/\/api.w.org\/{rel}","templated":true}]}}