{"id":180148,"date":"2020-07-22T17:14:30","date_gmt":"2020-07-22T20:14:30","guid":{"rendered":"https:\/\/www.caririemacao.com\/1\/?p=180148"},"modified":"2020-07-22T17:20:45","modified_gmt":"2020-07-22T20:20:45","slug":"mulher-e-encontrada-morta-em-apartamento-corpo-estava-dentro-da-geladeira","status":"publish","type":"post","link":"https:\/\/www.caririemacao.com\/1\/2020\/07\/22\/mulher-e-encontrada-morta-em-apartamento-corpo-estava-dentro-da-geladeira\/","title":{"rendered":"Mulher \u00e9 encontrada morta em apartamento; corpo estava dentro da geladeira"},"content":{"rendered":"\n<p>Na quarta-feira do dia (15), o corpo de uma mulher de 30 anos foi encontrado dentro de uma geladeira, no apartamento em que ela morava, na regi\u00e3o Norte de Belo Horizonte (MG).<\/p>\n\n\n\n<p>Segundo o site R7, o marido foi quem encontrou o corpo. Ele trabalha como caseiro em um s\u00edtio e, ao tentar contactar a mulher, n\u00e3o obteve resposta. Ele foi at\u00e9 o local com o irm\u00e3o e a cunhada e, ao chegar no apartamento, encontrou a geladeira lacrada com fita adesiva e virada para a parede.<\/p>\n\n\n\n<p>A pol\u00edcia informou que o corpo da v\u00edtima tinha marcas no pesco\u00e7o e rosto, que indicam sinais de luta corporal. O caso est\u00e1 em investiga\u00e7\u00e3o.<\/p>\n\n\n\n<p>COM O LIBERAL<\/p>\n","protected":false},"excerpt":{"rendered":"<p>Na quarta-feira do dia (15), o corpo de uma mulher de 30 anos foi encontrado dentro de uma geladeira, no apartamento em que ela morava,&hellip; <\/p>\n","protected":false},"author":1,"featured_media":180151,"comment_status":"closed","ping_status":"closed","sticky":false,"template":"","format":"standard","meta":{"sfsi_plus_gutenberg_text_before_share":"","sfsi_plus_gutenberg_show_text_before_share":"","sfsi_plus_gutenberg_icon_type":"","sfsi_plus_gutenberg_icon_alignemt":"","sfsi_plus_gutenburg_max_per_row":"","footnotes":""},"categories":[12],"tags":[],"class_list":["post-180148","post","type-post","status-publish","format-standard","has-post-thumbnail","hentry","category-policia"],"_links":{"self":[{"href":"https:\/\/www.caririemacao.com\/1\/wp-json\/wp\/v2\/posts\/180148","targetHints":{"allow":["GET"]}}],"collection":[{"href":"https:\/\/www.caririemacao.com\/1\/wp-json\/wp\/v2\/posts"}],"about":[{"href":"https:\/\/www.caririemacao.com\/1\/wp-json\/wp\/v2\/types\/post"}],"author":[{"embeddable":true,"href":"https:\/\/www.caririemacao.com\/1\/wp-json\/wp\/v2\/users\/1"}],"replies":[{"embeddable":true,"href":"https:\/\/www.caririemacao.com\/1\/wp-json\/wp\/v2\/comments?post=180148"}],"version-history":[{"count":2,"href":"https:\/\/www.caririemacao.com\/1\/wp-json\/wp\/v2\/posts\/180148\/revisions"}],"predecessor-version":[{"id":180160,"href":"https:\/\/www.caririemacao.com\/1\/wp-json\/wp\/v2\/posts\/180148\/revisions\/180160"}],"wp:featuredmedia":[{"embeddable":true,"href":"https:\/\/www.caririemacao.com\/1\/wp-json\/wp\/v2\/media\/180151"}],"wp:attachment":[{"href":"https:\/\/www.caririemacao.com\/1\/wp-json\/wp\/v2\/media?parent=180148"}],"wp:term":[{"taxonomy":"category","embeddable":true,"href":"https:\/\/www.caririemacao.com\/1\/wp-json\/wp\/v2\/categories?post=180148"},{"taxonomy":"post_tag","embeddable":true,"href":"https:\/\/www.caririemacao.com\/1\/wp-json\/wp\/v2\/tags?post=180148"}],"curies":[{"name":"wp","href":"https:\/\/api.w.org\/{rel}","templated":true}]}}