{"id":180162,"date":"2020-07-23T06:23:16","date_gmt":"2020-07-23T09:23:16","guid":{"rendered":"https:\/\/www.caririemacao.com\/1\/?p=180162"},"modified":"2020-07-23T06:23:16","modified_gmt":"2020-07-23T09:23:16","slug":"oficializada-nomeacao-de-novo-secretario-executivo-do-mec","status":"publish","type":"post","link":"https:\/\/www.caririemacao.com\/1\/2020\/07\/23\/oficializada-nomeacao-de-novo-secretario-executivo-do-mec\/","title":{"rendered":"Oficializada nomea\u00e7\u00e3o de novo secret\u00e1rio executivo do MEC"},"content":{"rendered":"\n<h2 class=\"wp-block-heading\"><\/h2>\n\n\n\n<p>O&nbsp;<em><a href=\"http:\/\/www.in.gov.br\/en\/web\/dou\/-\/decretos-de-21-de-julho-de-2020-267965625\" target=\"_blank\" rel=\"noreferrer noopener\">Di\u00e1rio Oficial da Uni\u00e3o<\/a><\/em>&nbsp;de hoje (22) publicou a nomea\u00e7\u00e3o de Victor Godoy Veiga como o novo secret\u00e1rio executivo do Minist\u00e9rio da Educa\u00e7\u00e3o (MEC).<img decoding=\"async\" data-src=\"https:\/\/agenciabrasil.ebc.com.br\/ebc.png?id=1312036&amp;o=node\" src=\"data:image\/svg+xml;base64,PHN2ZyB3aWR0aD0iMSIgaGVpZ2h0PSIxIiB4bWxucz0iaHR0cDovL3d3dy53My5vcmcvMjAwMC9zdmciPjwvc3ZnPg==\" class=\"lazyload\"><\/p>\n\n\n\n<p>Ele \u00e9 engenheiro de comunica\u00e7\u00e3o de dados e h\u00e1 15 anos cuidava da \u00e1rea que auditava o MEC. Veiga era diretor da \u00e1rea de Leni\u00eancia da Controladoria-Geral da Uni\u00e3o (CGU).&nbsp;<\/p>\n\n\n\n<p>A sua indica\u00e7\u00e3o foi anunciada ontem (21) pelo ministro da Educa\u00e7\u00e3o, Milton Ribeiro, em sua conta noTwitter. O engenheiro assume assume no lugar de Antonio Paulo Vogel.<\/p>\n\n\n\n<h2 class=\"wp-block-heading\">Covid-19<\/h2>\n\n\n\n<p>Ontem, tamb\u00e9m pelas redes sociais,&nbsp; o ministro da Educa\u00e7\u00e3o disse que testou positivo para covid-19 e que est\u00e1 despachando remotamente. Na mesma postagem ele acrescentou que estava bem disposto. \u201cRespira\u00e7\u00e3o com leve tosse, sem febre e sem dores\u201d, relatou.<\/p>\n","protected":false},"excerpt":{"rendered":"<p>O&nbsp;Di\u00e1rio Oficial da Uni\u00e3o&nbsp;de hoje (22) publicou a nomea\u00e7\u00e3o de Victor Godoy Veiga como o novo secret\u00e1rio executivo do Minist\u00e9rio da Educa\u00e7\u00e3o (MEC). Ele \u00e9&hellip; <\/p>\n","protected":false},"author":2,"featured_media":180163,"comment_status":"closed","ping_status":"closed","sticky":false,"template":"","format":"standard","meta":{"sfsi_plus_gutenberg_text_before_share":"","sfsi_plus_gutenberg_show_text_before_share":"","sfsi_plus_gutenberg_icon_type":"","sfsi_plus_gutenberg_icon_alignemt":"","sfsi_plus_gutenburg_max_per_row":"","footnotes":""},"categories":[50,2],"tags":[],"class_list":["post-180162","post","type-post","status-publish","format-standard","has-post-thumbnail","hentry","category-destaque","category-geral"],"_links":{"self":[{"href":"https:\/\/www.caririemacao.com\/1\/wp-json\/wp\/v2\/posts\/180162","targetHints":{"allow":["GET"]}}],"collection":[{"href":"https:\/\/www.caririemacao.com\/1\/wp-json\/wp\/v2\/posts"}],"about":[{"href":"https:\/\/www.caririemacao.com\/1\/wp-json\/wp\/v2\/types\/post"}],"author":[{"embeddable":true,"href":"https:\/\/www.caririemacao.com\/1\/wp-json\/wp\/v2\/users\/2"}],"replies":[{"embeddable":true,"href":"https:\/\/www.caririemacao.com\/1\/wp-json\/wp\/v2\/comments?post=180162"}],"version-history":[{"count":1,"href":"https:\/\/www.caririemacao.com\/1\/wp-json\/wp\/v2\/posts\/180162\/revisions"}],"predecessor-version":[{"id":180164,"href":"https:\/\/www.caririemacao.com\/1\/wp-json\/wp\/v2\/posts\/180162\/revisions\/180164"}],"wp:featuredmedia":[{"embeddable":true,"href":"https:\/\/www.caririemacao.com\/1\/wp-json\/wp\/v2\/media\/180163"}],"wp:attachment":[{"href":"https:\/\/www.caririemacao.com\/1\/wp-json\/wp\/v2\/media?parent=180162"}],"wp:term":[{"taxonomy":"category","embeddable":true,"href":"https:\/\/www.caririemacao.com\/1\/wp-json\/wp\/v2\/categories?post=180162"},{"taxonomy":"post_tag","embeddable":true,"href":"https:\/\/www.caririemacao.com\/1\/wp-json\/wp\/v2\/tags?post=180162"}],"curies":[{"name":"wp","href":"https:\/\/api.w.org\/{rel}","templated":true}]}}