{"id":180179,"date":"2020-07-23T06:39:13","date_gmt":"2020-07-23T09:39:13","guid":{"rendered":"https:\/\/www.caririemacao.com\/1\/?p=180179"},"modified":"2020-07-23T06:39:13","modified_gmt":"2020-07-23T09:39:13","slug":"coronavirus-brasil-registra-novo-recorde-mais-de-65-mil-novos-casos-em-1-dia","status":"publish","type":"post","link":"https:\/\/www.caririemacao.com\/1\/2020\/07\/23\/coronavirus-brasil-registra-novo-recorde-mais-de-65-mil-novos-casos-em-1-dia\/","title":{"rendered":"Coronav\u00edrus: Brasil registra novo recorde: mais de 65 mil novos casos em 1 dia"},"content":{"rendered":"\n<h1 class=\"wp-block-heading\"><\/h1>\n\n\n\n<p>Os dados s\u00e3o fruto de colabora\u00e7\u00e3o in\u00e9dita entre Folha de S.Paulo, O Estado de S. Paulo, Extra, O Globo, G1 e UOL para reunir e divulgar os n\u00fameros relativos \u00e0 pandemia do novo coronav\u00edrus. As informa\u00e7\u00f5es s\u00e3o coletadas diretamente com as Secretarias de Sa\u00fade estaduais. O balan\u00e7o \u00e9 fechado diariamente \u00e0s 20h.<\/p>\n\n\n\n<p>Al\u00e9m dos dados di\u00e1rios do cons\u00f3rcio, a Folha de S.Paulo tamb\u00e9m mostra a chamada m\u00e9dia m\u00f3vel.<\/p>\n\n\n\n<p>O recurso estat\u00edstico busca dar uma vis\u00e3o melhor da evolu\u00e7\u00e3o da doen\u00e7a, pois atenua n\u00fameros isolados que fujam do padr\u00e3o. A m\u00e9dia m\u00f3vel \u00e9 calculada somando o resultado dos \u00faltimos sete dias, dividindo por sete.<\/p>\n\n\n\n<p>O volume registrado \u00e0s segundas tende a ser baixo, porque laborat\u00f3rios t\u00eam atividade menor aos fins de semana. J\u00e1 a m\u00e9dia m\u00f3vel para a segunda-feira considera tamb\u00e9m os dados dos seis dias anteriores, uma informa\u00e7\u00e3o mais est\u00e1vel.<\/p>\n\n\n\n<p>De acordo com os dados coletados at\u00e9 as 20h, a m\u00e9dia de mortes nos \u00faltimos sete dias \u00e9 de 1.052.<\/p>\n\n\n\n<p>O Piau\u00ed n\u00e3o enviou dados atualizados de casos at\u00e9 o fechamento do balan\u00e7o.<\/p>\n\n\n\n<p>O Brasil tem uma taxa de cerca de 39,6 mortos por 100 mil habitantes. Os Estados Unidos, que t\u00eam o maior n\u00famero absoluto de mortos, e o Reino Unido, ambos \u00e0 frente do Brasil na pandemia (ou seja, come\u00e7aram a sofrer com o problema antes), t\u00eam 43,7 e 68,6 mortos para cada 100 mil habitantes, respectivamente.<\/p>\n\n\n\n<p>Na Argentina, onde a pandemia desembarcou nove dias mais tarde que no Brasil e que seguiu uma quarentena muito mais r\u00edgida, o \u00edndice \u00e9 de 5,6 mortes por 100 mil habitantes.<\/p>\n\n\n\n<p>O Minist\u00e9rio da Sa\u00fade informou, nesta quarta, que o Brasil registrou 67.860 casos de contamina\u00e7\u00e3o pelo novo coronav\u00edrus e 1.284 mortes em decorr\u00eancia da Covid-19 nas \u00faltimas 24 horas.<\/p>\n\n\n\n<p>O total j\u00e1 chega a 82.771 mortes e 2.227.514 casos pelo novo coronav\u00edrus desde o in\u00edcio da pandemia.<\/p>\n\n\n\n<p>A iniciativa do cons\u00f3rcio de ve\u00edculos de imprensa ocorre em resposta \u00e0s atitudes do governo Jair Bolsonaro (sem partido), que amea\u00e7ou sonegar dados, atrasou boletins sobre a doen\u00e7a e tirou informa\u00e7\u00f5es do ar, com a interrup\u00e7\u00e3o da divulga\u00e7\u00e3o dos totais de casos e mortes. Al\u00e9m disso, o governo divulgou dados conflitantes.<\/p>\n","protected":false},"excerpt":{"rendered":"<p>Os dados s\u00e3o fruto de colabora\u00e7\u00e3o in\u00e9dita entre Folha de S.Paulo, O Estado de S. Paulo, Extra, O Globo, G1 e UOL para reunir e&hellip; <\/p>\n","protected":false},"author":2,"featured_media":180180,"comment_status":"closed","ping_status":"closed","sticky":false,"template":"","format":"standard","meta":{"sfsi_plus_gutenberg_text_before_share":"","sfsi_plus_gutenberg_show_text_before_share":"","sfsi_plus_gutenberg_icon_type":"","sfsi_plus_gutenberg_icon_alignemt":"","sfsi_plus_gutenburg_max_per_row":"","footnotes":""},"categories":[50,2],"tags":[],"class_list":["post-180179","post","type-post","status-publish","format-standard","has-post-thumbnail","hentry","category-destaque","category-geral"],"_links":{"self":[{"href":"https:\/\/www.caririemacao.com\/1\/wp-json\/wp\/v2\/posts\/180179","targetHints":{"allow":["GET"]}}],"collection":[{"href":"https:\/\/www.caririemacao.com\/1\/wp-json\/wp\/v2\/posts"}],"about":[{"href":"https:\/\/www.caririemacao.com\/1\/wp-json\/wp\/v2\/types\/post"}],"author":[{"embeddable":true,"href":"https:\/\/www.caririemacao.com\/1\/wp-json\/wp\/v2\/users\/2"}],"replies":[{"embeddable":true,"href":"https:\/\/www.caririemacao.com\/1\/wp-json\/wp\/v2\/comments?post=180179"}],"version-history":[{"count":1,"href":"https:\/\/www.caririemacao.com\/1\/wp-json\/wp\/v2\/posts\/180179\/revisions"}],"predecessor-version":[{"id":180181,"href":"https:\/\/www.caririemacao.com\/1\/wp-json\/wp\/v2\/posts\/180179\/revisions\/180181"}],"wp:featuredmedia":[{"embeddable":true,"href":"https:\/\/www.caririemacao.com\/1\/wp-json\/wp\/v2\/media\/180180"}],"wp:attachment":[{"href":"https:\/\/www.caririemacao.com\/1\/wp-json\/wp\/v2\/media?parent=180179"}],"wp:term":[{"taxonomy":"category","embeddable":true,"href":"https:\/\/www.caririemacao.com\/1\/wp-json\/wp\/v2\/categories?post=180179"},{"taxonomy":"post_tag","embeddable":true,"href":"https:\/\/www.caririemacao.com\/1\/wp-json\/wp\/v2\/tags?post=180179"}],"curies":[{"name":"wp","href":"https:\/\/api.w.org\/{rel}","templated":true}]}}