{"id":180183,"date":"2020-07-23T07:33:44","date_gmt":"2020-07-23T10:33:44","guid":{"rendered":"https:\/\/www.caririemacao.com\/1\/?p=180183"},"modified":"2020-07-23T07:33:44","modified_gmt":"2020-07-23T10:33:44","slug":"estado-pagara-parcela-do-13o-salario-aos-servidores-ativos-da-paraiba","status":"publish","type":"post","link":"https:\/\/www.caririemacao.com\/1\/2020\/07\/23\/estado-pagara-parcela-do-13o-salario-aos-servidores-ativos-da-paraiba\/","title":{"rendered":"Estado pagar\u00e1 parcela do 13\u00ba sal\u00e1rio aos servidores ativos da Para\u00edba"},"content":{"rendered":"\n<p>O governador Jo\u00e3o Azev\u00eado (Cidadania) antecipou, nesta quarta-feira, em Jo\u00e3o Pessoa, que o Estado dever\u00e1 realizar entre os meses de agosto e outubro a quita\u00e7\u00e3o da 1\u00aa parcela do 13\u00ba sal\u00e1rio dos servidores ativos.<\/p>\n\n\n\n<h1 class=\"wp-block-heading\"><\/h1>\n\n\n\n<p>O pagamento ser\u00e1 escalonado por secretarias e as datas precisas ser\u00e3o anunciadas nos pr\u00f3ximos dias.<\/p>\n\n\n\n<p>\u201cA partir de agosto j\u00e1 voltaremos a pagar, por Secretaria, a metade do 13\u00ba sal\u00e1rio. Espero que em agosto, setembro e outubro a gente liquide esse pagamento. E a segunda etapa, evidentemente, ser\u00e1 feita em dezembro\u201d, comentou Jo\u00e3o, durante entrevista.<\/p>\n\n\n\n<p>Azev\u00eado assinalou ainda que existe \u201cuma pr\u00e1tica comum de se antecipar em junho a primeira parcela ou uma parte do 13\u00ba sal\u00e1rio\u201d.<\/p>\n\n\n\n<p>\u2013 Mas em fun\u00e7\u00e3o da inseguran\u00e7a financeira que est\u00e1vamos vivendo naquele momento, e ainda estamos, n\u00f3s decidimos que pagar\u00edamos a pensionistas, reformados e aposentados, que s\u00e3o exatamente as categorias mais suscet\u00edveis e mais fr\u00e1geis nesse momento dessa pandemia e que ir\u00edamos fazer uma an\u00e1lise \u2013 acrescentou o governador.<\/p>\n","protected":false},"excerpt":{"rendered":"<p>O governador Jo\u00e3o Azev\u00eado (Cidadania) antecipou, nesta quarta-feira, em Jo\u00e3o Pessoa, que o Estado dever\u00e1 realizar entre os meses de agosto e outubro a quita\u00e7\u00e3o&hellip; <\/p>\n","protected":false},"author":2,"featured_media":180184,"comment_status":"closed","ping_status":"closed","sticky":false,"template":"","format":"standard","meta":{"sfsi_plus_gutenberg_text_before_share":"","sfsi_plus_gutenberg_show_text_before_share":"","sfsi_plus_gutenberg_icon_type":"","sfsi_plus_gutenberg_icon_alignemt":"","sfsi_plus_gutenburg_max_per_row":"","footnotes":""},"categories":[50,11],"tags":[],"class_list":["post-180183","post","type-post","status-publish","format-standard","has-post-thumbnail","hentry","category-destaque","category-politica"],"_links":{"self":[{"href":"https:\/\/www.caririemacao.com\/1\/wp-json\/wp\/v2\/posts\/180183","targetHints":{"allow":["GET"]}}],"collection":[{"href":"https:\/\/www.caririemacao.com\/1\/wp-json\/wp\/v2\/posts"}],"about":[{"href":"https:\/\/www.caririemacao.com\/1\/wp-json\/wp\/v2\/types\/post"}],"author":[{"embeddable":true,"href":"https:\/\/www.caririemacao.com\/1\/wp-json\/wp\/v2\/users\/2"}],"replies":[{"embeddable":true,"href":"https:\/\/www.caririemacao.com\/1\/wp-json\/wp\/v2\/comments?post=180183"}],"version-history":[{"count":1,"href":"https:\/\/www.caririemacao.com\/1\/wp-json\/wp\/v2\/posts\/180183\/revisions"}],"predecessor-version":[{"id":180185,"href":"https:\/\/www.caririemacao.com\/1\/wp-json\/wp\/v2\/posts\/180183\/revisions\/180185"}],"wp:featuredmedia":[{"embeddable":true,"href":"https:\/\/www.caririemacao.com\/1\/wp-json\/wp\/v2\/media\/180184"}],"wp:attachment":[{"href":"https:\/\/www.caririemacao.com\/1\/wp-json\/wp\/v2\/media?parent=180183"}],"wp:term":[{"taxonomy":"category","embeddable":true,"href":"https:\/\/www.caririemacao.com\/1\/wp-json\/wp\/v2\/categories?post=180183"},{"taxonomy":"post_tag","embeddable":true,"href":"https:\/\/www.caririemacao.com\/1\/wp-json\/wp\/v2\/tags?post=180183"}],"curies":[{"name":"wp","href":"https:\/\/api.w.org\/{rel}","templated":true}]}}