{"id":180187,"date":"2020-07-23T07:38:54","date_gmt":"2020-07-23T10:38:54","guid":{"rendered":"https:\/\/www.caririemacao.com\/1\/?p=180187"},"modified":"2020-07-23T07:38:54","modified_gmt":"2020-07-23T10:38:54","slug":"cliente-da-caixa-tem-prazo-ampliado-para-ficar-sem-pagar-a-prestacao-da-casa","status":"publish","type":"post","link":"https:\/\/www.caririemacao.com\/1\/2020\/07\/23\/cliente-da-caixa-tem-prazo-ampliado-para-ficar-sem-pagar-a-prestacao-da-casa\/","title":{"rendered":"Cliente da Caixa tem prazo ampliado para ficar sem pagar a presta\u00e7\u00e3o da casa"},"content":{"rendered":"\n<h1 class=\"wp-block-heading\"><\/h1>\n\n\n\n<p>ACaixa Econ\u00f4mica Federal vai ampliar, mais uma vez, a pausa do pagamento de financiamentos habitacionais, que agora poder\u00e1 ser de at\u00e9 180 dias.<\/p>\n\n\n\n<p>A informa\u00e7\u00e3o foi confirmada nesta quarta-feira (22) pelo presidente do banco, Pedro Guimar\u00e3es. Em maio, esse adiamento j\u00e1 havia sido&nbsp;estendido para 120 dias.&nbsp;<img decoding=\"async\" data-src=\"https:\/\/agenciabrasil.ebc.com.br\/ebc.png?id=1312092&amp;o=node\" src=\"data:image\/svg+xml;base64,PHN2ZyB3aWR0aD0iMSIgaGVpZ2h0PSIxIiB4bWxucz0iaHR0cDovL3d3dy53My5vcmcvMjAwMC9zdmciPjwvc3ZnPg==\" class=\"lazyload\"><\/p>\n\n\n\n<p>Est\u00e3o contemplados clientes que financiam o im\u00f3vel por meio do Fundo de Garantia por Tempo de Servi\u00e7o (FGTS), programa Minha Casa Minha Vida e pelo Sistema Brasileiro de Poupan\u00e7a e Empr\u00e9stimo (SBPE), todos operados pela Caixa.<\/p>\n\n\n\n<p>Segundo o presidente da Caixa, Pedro Guimar\u00e3es, at\u00e9 o momento, mais de 2,4 milh\u00f5es de mutu\u00e1rios j\u00e1 pediram&nbsp;a pausa na presta\u00e7\u00e3o habitacional, n\u00famero que representa R$ 8,6 bilh\u00f5es em financiamentos suspensos.<\/p>\n\n\n\n<p>A medida faz parte das a\u00e7\u00f5es para enfrentar os efeitos causados \u00e0 economia pela pandemia de covid-19.<\/p>\n\n\n\n<p>\u201cLembrando que essa pausa n\u00e3o \u00e9 autom\u00e1tica. H\u00e1 a necessidade dessas pessoas pedirem, seja pelo aplicativo, seja pelos telefones, que s\u00e3o encontrados no site da Caixa\u201d, informou Guimar\u00e3es, em entrevista.<\/p>\n\n\n\n<p>Quem pedir&nbsp;a pausa no contrato ter\u00e1 de&nbsp;pagar juros, seguros e taxas, que ser\u00e3o acrescidos ao saldo devedor do contrato. De acordo com o banco, a taxa de juros e o prazo contratados originalmente n\u00e3o sofrem altera\u00e7\u00e3o.<\/p>\n\n\n\n<p>Os clientes com pagamentos em dia ou aqueles com pagamentos em atraso por, no m\u00e1ximo, 18 meses, podem pedir a car\u00eancia. Clientes que usaram o FGTS para abater parte da presta\u00e7\u00e3o tamb\u00e9m podem requerer a suspens\u00e3o.<\/p>\n\n\n\n<p>No caso de pessoas jur\u00eddicas, a possibilidade de pausa nas presta\u00e7\u00f5es \u00e9 permitida para quem est\u00e1 com at\u00e9 duas parcelas fora do prazo (atraso de 60 dias).<\/p>\n\n\n\n<p>Para pedir a pausa ou requerer a extens\u00e3o da pausa j\u00e1 concedida, basta acessar o aplicativo Habita\u00e7\u00e3o Caixa ou registrar o pedido pelos telefones 3004-1105 (para capitais) e 0800-726-0505 (demais localidades), ou de forma automatizada pelo 0800-726-8068, op\u00e7\u00f5es 2-4-2, de segunda a sexta-feira, e aos s\u00e1bados, das 10h \u00e0s 16h (exceto feriados).<\/p>\n","protected":false},"excerpt":{"rendered":"<p>ACaixa Econ\u00f4mica Federal vai ampliar, mais uma vez, a pausa do pagamento de financiamentos habitacionais, que agora poder\u00e1 ser de at\u00e9 180 dias. A informa\u00e7\u00e3o&hellip; <\/p>\n","protected":false},"author":2,"featured_media":180188,"comment_status":"closed","ping_status":"closed","sticky":false,"template":"","format":"standard","meta":{"sfsi_plus_gutenberg_text_before_share":"","sfsi_plus_gutenberg_show_text_before_share":"","sfsi_plus_gutenberg_icon_type":"","sfsi_plus_gutenberg_icon_alignemt":"","sfsi_plus_gutenburg_max_per_row":"","footnotes":""},"categories":[50,2],"tags":[],"class_list":["post-180187","post","type-post","status-publish","format-standard","has-post-thumbnail","hentry","category-destaque","category-geral"],"_links":{"self":[{"href":"https:\/\/www.caririemacao.com\/1\/wp-json\/wp\/v2\/posts\/180187","targetHints":{"allow":["GET"]}}],"collection":[{"href":"https:\/\/www.caririemacao.com\/1\/wp-json\/wp\/v2\/posts"}],"about":[{"href":"https:\/\/www.caririemacao.com\/1\/wp-json\/wp\/v2\/types\/post"}],"author":[{"embeddable":true,"href":"https:\/\/www.caririemacao.com\/1\/wp-json\/wp\/v2\/users\/2"}],"replies":[{"embeddable":true,"href":"https:\/\/www.caririemacao.com\/1\/wp-json\/wp\/v2\/comments?post=180187"}],"version-history":[{"count":1,"href":"https:\/\/www.caririemacao.com\/1\/wp-json\/wp\/v2\/posts\/180187\/revisions"}],"predecessor-version":[{"id":180189,"href":"https:\/\/www.caririemacao.com\/1\/wp-json\/wp\/v2\/posts\/180187\/revisions\/180189"}],"wp:featuredmedia":[{"embeddable":true,"href":"https:\/\/www.caririemacao.com\/1\/wp-json\/wp\/v2\/media\/180188"}],"wp:attachment":[{"href":"https:\/\/www.caririemacao.com\/1\/wp-json\/wp\/v2\/media?parent=180187"}],"wp:term":[{"taxonomy":"category","embeddable":true,"href":"https:\/\/www.caririemacao.com\/1\/wp-json\/wp\/v2\/categories?post=180187"},{"taxonomy":"post_tag","embeddable":true,"href":"https:\/\/www.caririemacao.com\/1\/wp-json\/wp\/v2\/tags?post=180187"}],"curies":[{"name":"wp","href":"https:\/\/api.w.org\/{rel}","templated":true}]}}