{"id":180195,"date":"2020-07-23T07:47:14","date_gmt":"2020-07-23T10:47:14","guid":{"rendered":"https:\/\/www.caririemacao.com\/1\/?p=180195"},"modified":"2020-07-23T07:47:14","modified_gmt":"2020-07-23T10:47:14","slug":"flamengo-pandemia-dificulta-conversas-para-contratacao-de-novo-treinador","status":"publish","type":"post","link":"https:\/\/www.caririemacao.com\/1\/2020\/07\/23\/flamengo-pandemia-dificulta-conversas-para-contratacao-de-novo-treinador\/","title":{"rendered":"Flamengo: pandemia dificulta conversas para contrata\u00e7\u00e3o de novo treinador"},"content":{"rendered":"\n<h1 class=\"wp-block-heading\"><\/h1>\n\n\n\n<p>Ante a pandemia da Covid-19, a c\u00fapula de futebol ainda n\u00e3o tem viagem marcada para a Europa e v\u00ea os alvos ficarem mais complicados por conta da crise mundial. Al\u00e9m das complica\u00e7\u00f5es para o deslocamento e a necessidade de quarentena, o Flamengo tenta driblar o coronav\u00edrus na hora das discuss\u00f5es em rela\u00e7\u00e3o aos candidatos. O planejamento pode mudar, \u00e9 claro, mas n\u00e3o h\u00e1 nenhum deslocamento previsto no momento.<\/p>\n\n\n\n<p>N\u00e3o bastasse a concorr\u00eancia do mercado do Velho Continente, os rubro-negros t\u00eam esse inimigo a ser vencido. Nome que despontou na corrida, o portugu\u00eas Leonardo Jardim j\u00e1 sinalizou que n\u00e3o tem interesse de vir ao Brasil no momento, j\u00e1 que mira oportunidades em clubes europeus.<\/p>\n\n\n\n<p>O plano de trazer um europeu para ocupar a vaga do Mister segue inalterado no clube, mas a tarefa \u00e9 delicada. Al\u00e9m de todo o cen\u00e1rio mundial desfavor\u00e1vel, a alta do euro \u00e9 outro fator que joga contra. A dire\u00e7\u00e3o mant\u00e9m um tom de normalidade frente ao momento, mas a reposi\u00e7\u00e3o mobiliza todos os esfor\u00e7os.<\/p>\n\n\n\n<p>Apesar da sinaliza\u00e7\u00e3o negativa de Jardim, o Fla ainda n\u00e3o abortou a ideia. Miguel \u00c1ngel Ram\u00edrez e Dom\u00e8nec Torrent s\u00e3o outros nomes que est\u00e3o sendo debatidos, mas h\u00e1 uma chuva de ofertas por parte de empres\u00e1rios.<\/p>\n\n\n\n<p>Independentemente das alternativas, uma certeza na G\u00e1vea \u00e9 que s\u00f3 h\u00e1 espa\u00e7o para um profissional que tenha DNA ofensivo. At\u00e9 que uma negocia\u00e7\u00e3o seja concretizada, o elenco, que retoma amanh\u00e3 os trabalhos, ser\u00e1 comandado por Maur\u00edcio Souza, do sub-20.<\/p>\n","protected":false},"excerpt":{"rendered":"<p>Ante a pandemia da Covid-19, a c\u00fapula de futebol ainda n\u00e3o tem viagem marcada para a Europa e v\u00ea os alvos ficarem mais complicados por&hellip; <\/p>\n","protected":false},"author":2,"featured_media":180196,"comment_status":"closed","ping_status":"closed","sticky":false,"template":"","format":"standard","meta":{"sfsi_plus_gutenberg_text_before_share":"","sfsi_plus_gutenberg_show_text_before_share":"","sfsi_plus_gutenberg_icon_type":"","sfsi_plus_gutenberg_icon_alignemt":"","sfsi_plus_gutenburg_max_per_row":"","footnotes":""},"categories":[13],"tags":[],"class_list":["post-180195","post","type-post","status-publish","format-standard","has-post-thumbnail","hentry","category-esportes"],"_links":{"self":[{"href":"https:\/\/www.caririemacao.com\/1\/wp-json\/wp\/v2\/posts\/180195","targetHints":{"allow":["GET"]}}],"collection":[{"href":"https:\/\/www.caririemacao.com\/1\/wp-json\/wp\/v2\/posts"}],"about":[{"href":"https:\/\/www.caririemacao.com\/1\/wp-json\/wp\/v2\/types\/post"}],"author":[{"embeddable":true,"href":"https:\/\/www.caririemacao.com\/1\/wp-json\/wp\/v2\/users\/2"}],"replies":[{"embeddable":true,"href":"https:\/\/www.caririemacao.com\/1\/wp-json\/wp\/v2\/comments?post=180195"}],"version-history":[{"count":1,"href":"https:\/\/www.caririemacao.com\/1\/wp-json\/wp\/v2\/posts\/180195\/revisions"}],"predecessor-version":[{"id":180197,"href":"https:\/\/www.caririemacao.com\/1\/wp-json\/wp\/v2\/posts\/180195\/revisions\/180197"}],"wp:featuredmedia":[{"embeddable":true,"href":"https:\/\/www.caririemacao.com\/1\/wp-json\/wp\/v2\/media\/180196"}],"wp:attachment":[{"href":"https:\/\/www.caririemacao.com\/1\/wp-json\/wp\/v2\/media?parent=180195"}],"wp:term":[{"taxonomy":"category","embeddable":true,"href":"https:\/\/www.caririemacao.com\/1\/wp-json\/wp\/v2\/categories?post=180195"},{"taxonomy":"post_tag","embeddable":true,"href":"https:\/\/www.caririemacao.com\/1\/wp-json\/wp\/v2\/tags?post=180195"}],"curies":[{"name":"wp","href":"https:\/\/api.w.org\/{rel}","templated":true}]}}