{"id":180199,"date":"2020-07-23T07:53:41","date_gmt":"2020-07-23T10:53:41","guid":{"rendered":"https:\/\/www.caririemacao.com\/1\/?p=180199"},"modified":"2020-07-23T07:53:41","modified_gmt":"2020-07-23T10:53:41","slug":"dez-milhoes-de-familias-nao-precisam-pagar-conta-de-luz-diz-ministerio","status":"publish","type":"post","link":"https:\/\/www.caririemacao.com\/1\/2020\/07\/23\/dez-milhoes-de-familias-nao-precisam-pagar-conta-de-luz-diz-ministerio\/","title":{"rendered":"Dez milh\u00f5es de fam\u00edlias n\u00e3o precisam pagar conta de luz, diz minist\u00e9rio"},"content":{"rendered":"\n<h1 class=\"wp-block-heading\"><\/h1>\n\n\n\n<p>Oministro de Minas e Energia, Bento Albuquerque, fez hoje (22) um balan\u00e7o as a\u00e7\u00f5es da pasta, no sentido de dar suporte a fam\u00edlias de baixa renda durante a pandemia.<\/p>\n\n\n\n<p>Segundo ele, 10 milh\u00f5es de unidades consumidoras com esse perfil s\u00e3o beneficiadas com a gratuidade na conta de luz, desde que o consumo n\u00e3o seja superior a 220 quilowatts por hora (kw\/h).<\/p>\n\n\n\n<p>O ministro destacou tamb\u00e9m que, durante a pandemia, a capacidade de gera\u00e7\u00e3o de energia teve uma expans\u00e3o de 3 gigawatts, ao mesmo tempo que a inadimpl\u00eancia caiu de 10% para 2%.<\/p>\n\n\n\n<p>\u201cAl\u00e9m disso sa\u00edmos de uma queda na carga, que estava em 20% no in\u00edcio da pandemia [em parte pela diminui\u00e7\u00e3o do consumo no setor industrial] para 2%\u201d, acrescentou durante coletiva de imprensa online, convocada para falar dos 60 anos do minist\u00e9rio.<\/p>\n\n\n\n<p>Exporta\u00e7\u00f5es<br>Albuquerque acrescentou que o setor de minas e energia ocupou, no per\u00edodo entre janeiro e junho, o segundo lugar no ranking de exporta\u00e7\u00f5es, com 10,2% do total exportado, o que equivale a US$ 10 bilh\u00f5es.<\/p>\n\n\n\n<p>\u201cO min\u00e9rio de ferro teve bastante import\u00e2ncia na nossa balan\u00e7a comercial, representando 44% das exporta\u00e7\u00f5es da ind\u00fastria extrativa\u201d, acrescentou.<\/p>\n\n\n\n<p>Falando especificamente sobre o setor de petr\u00f3leo e g\u00e1s, Albuquerque disse que, no ano passado, os leil\u00f5es \u201cpropiciaram que 50% dos b\u00f4nus realizados no mundo fossem feitos no Brasil\u201d.<img decoding=\"async\" data-src=\"https:\/\/paraibaonline.com.br\/wp-content\/uploads\/2019\/10\/mcmgo_abr_01101924018.jpg\" alt=\"Foto: Ag\u00eancia Brasil\" data-srcset=\"https:\/\/paraibaonline.com.br\/wp-content\/uploads\/2019\/10\/mcmgo_abr_01101924018.jpg 1140w, https:\/\/paraibaonline.com.br\/wp-content\/uploads\/2019\/10\/mcmgo_abr_01101924018-567x378.jpg 567w, https:\/\/paraibaonline.com.br\/wp-content\/uploads\/2019\/10\/mcmgo_abr_01101924018-900x600.jpg 900w\" src=\"data:image\/svg+xml;base64,PHN2ZyB3aWR0aD0iMSIgaGVpZ2h0PSIxIiB4bWxucz0iaHR0cDovL3d3dy53My5vcmcvMjAwMC9zdmciPjwvc3ZnPg==\" class=\"lazyload\"><\/p>\n\n\n\n<p>Foto: Ag\u00eancia Brasil<\/p>\n\n\n\n<p>\u201cA Petrobras continuar\u00e1 com seu programa de desinvestimento, apesar de termos suspendido alguns leil\u00f5es por conta dos imprevistos deste ano. No que diz respeito a energia, faremos apenas o leil\u00e3o de transmiss\u00e3o do final de ano. E provavelmente em agosto anunciaremos novos leil\u00f5es para os pr\u00f3ximos anos\u201d, disse o ministro referindo-se, tamb\u00e9m, a leil\u00f5es de termel\u00e9tricas.<\/p>\n\n\n\n<p>Segundo ele, esses leil\u00f5es complementar\u00e3o as medidas estruturantes pretendidas pelo governo. Ele, no entanto, n\u00e3o quis dar mais detalhes sobre quais seriam essas medidas.<\/p>\n\n\n\n<p>\u201cEntendemos que j\u00e1 h\u00e1 um consenso em rela\u00e7\u00e3o a diversas medidas que dizem respeito \u00e0 moderniza\u00e7\u00e3o do setor, o que \u00e9 fundamental para dar seguran\u00e7a aos investidores e para prestar melhores servi\u00e7os aos consumidores. Mas n\u00e3o quero adiantar quais ser\u00e3o as medidas porque elas ainda est\u00e3o sendo constru\u00eddas e consensualizadas com o Congresso, com \u00f3rg\u00e3os vinculados ao MME e com agentes do mercado\u201d, disse o ministro.<\/p>\n\n\n\n<p>Petrobras<br>Abulquerque voltou a negar que o governo tenha a inten\u00e7\u00e3o de privatizar a Petrobras. \u201cN\u00e3o h\u00e1 nenhum movimento ou estudo do governo federal em rela\u00e7\u00e3o \u00e0 privatiza\u00e7\u00e3o da Petrobras, que \u00e9 uma empresa que orgulha os brasileiros e que tem papel importante na economia, produ\u00e7\u00e3o e na balan\u00e7a comercial\u201d, disse<\/p>\n\n\n\n<p>\u201cO desinvestimento feito ano passado na Petrobras resultou em recursos da da ordem de US$ 16 bilh\u00f5es, possibilitando que a empresa investisse US$ 27 bilh\u00f5es naquilo que \u00e9 sua expertise, que \u00e9 explora\u00e7\u00e3o de petr\u00f3leo e g\u00e1s em \u00e1guas profundas\u201d, argumentou.<\/p>\n\n\n\n<p>Segundo o ministro, esse desinvestimento vai ao encontro do que \u00e9 defendido pelo Conselho Nacional de Pol\u00edtica Energ\u00e9tica, que \u00e9 a busca por novos agentes e empresas de pequeno e m\u00e9dio porte para atuar no setor.<\/p>\n\n\n\n<p>\u201cIsso tem sido exitoso. Houve aumento da produ\u00e7\u00e3o nas \u00e1reas e campos que foram desinvestidos. No Rio Grande do Norte, por exemplo, o aumento foi da ordem de 30% na produ\u00e7\u00e3o, comparando com 2019. Isso tem trazido benef\u00edcios \u00e0 atividade socioecon\u00f4mica de nosso pa\u00eds\u201d, acrescentou.<\/p>\n\n\n\n<p>Eletrobras<br>Albuquerque voltou a citar, como prioridade do governo, a capitaliza\u00e7\u00e3o da Eletrobras. \u201c\u00c9 prioridade desde 2019, quando assumimos o governo. No per\u00edodo de transi\u00e7\u00e3o j\u00e1 trabalh\u00e1vamos nesse processo.<\/p>\n\n\n\n<p>A aprova\u00e7\u00e3o, pelo Congresso Nacional, \u00e9 fundamental para que capitalizemos a empresa, dando maior competitividade ao setor\u201d, disse.<\/p>\n\n\n\n<p>\u201cMas volto a dizer: o Congresso Nacional \u00e9 soberano na avalia\u00e7\u00e3o que faz em rela\u00e7\u00e3o aos projetos em tramita\u00e7\u00e3o\u201d, ponderou.<\/p>\n","protected":false},"excerpt":{"rendered":"<p>Oministro de Minas e Energia, Bento Albuquerque, fez hoje (22) um balan\u00e7o as a\u00e7\u00f5es da pasta, no sentido de dar suporte a fam\u00edlias de baixa&hellip; <\/p>\n","protected":false},"author":2,"featured_media":172917,"comment_status":"closed","ping_status":"closed","sticky":false,"template":"","format":"standard","meta":{"sfsi_plus_gutenberg_text_before_share":"","sfsi_plus_gutenberg_show_text_before_share":"","sfsi_plus_gutenberg_icon_type":"","sfsi_plus_gutenberg_icon_alignemt":"","sfsi_plus_gutenburg_max_per_row":"","footnotes":""},"categories":[50,2],"tags":[],"class_list":["post-180199","post","type-post","status-publish","format-standard","has-post-thumbnail","hentry","category-destaque","category-geral"],"_links":{"self":[{"href":"https:\/\/www.caririemacao.com\/1\/wp-json\/wp\/v2\/posts\/180199","targetHints":{"allow":["GET"]}}],"collection":[{"href":"https:\/\/www.caririemacao.com\/1\/wp-json\/wp\/v2\/posts"}],"about":[{"href":"https:\/\/www.caririemacao.com\/1\/wp-json\/wp\/v2\/types\/post"}],"author":[{"embeddable":true,"href":"https:\/\/www.caririemacao.com\/1\/wp-json\/wp\/v2\/users\/2"}],"replies":[{"embeddable":true,"href":"https:\/\/www.caririemacao.com\/1\/wp-json\/wp\/v2\/comments?post=180199"}],"version-history":[{"count":1,"href":"https:\/\/www.caririemacao.com\/1\/wp-json\/wp\/v2\/posts\/180199\/revisions"}],"predecessor-version":[{"id":180200,"href":"https:\/\/www.caririemacao.com\/1\/wp-json\/wp\/v2\/posts\/180199\/revisions\/180200"}],"wp:featuredmedia":[{"embeddable":true,"href":"https:\/\/www.caririemacao.com\/1\/wp-json\/wp\/v2\/media\/172917"}],"wp:attachment":[{"href":"https:\/\/www.caririemacao.com\/1\/wp-json\/wp\/v2\/media?parent=180199"}],"wp:term":[{"taxonomy":"category","embeddable":true,"href":"https:\/\/www.caririemacao.com\/1\/wp-json\/wp\/v2\/categories?post=180199"},{"taxonomy":"post_tag","embeddable":true,"href":"https:\/\/www.caririemacao.com\/1\/wp-json\/wp\/v2\/tags?post=180199"}],"curies":[{"name":"wp","href":"https:\/\/api.w.org\/{rel}","templated":true}]}}