{"id":180202,"date":"2020-07-23T07:56:40","date_gmt":"2020-07-23T10:56:40","guid":{"rendered":"https:\/\/www.caririemacao.com\/1\/?p=180202"},"modified":"2020-07-23T07:56:40","modified_gmt":"2020-07-23T10:56:40","slug":"idosa-de-100-anos-vence-a-covid-19-e-deixa-hospital-de-clinicas-em-campina-grande-sob-aplausos-e-distribuindo-beijos","status":"publish","type":"post","link":"https:\/\/www.caririemacao.com\/1\/2020\/07\/23\/idosa-de-100-anos-vence-a-covid-19-e-deixa-hospital-de-clinicas-em-campina-grande-sob-aplausos-e-distribuindo-beijos\/","title":{"rendered":"Idosa de 100 anos vence a Covid-19 e deixa Hospital de Cl\u00ednicas em Campina Grande sob aplausos e distribuindo beijos"},"content":{"rendered":"\n<h1 class=\"wp-block-heading\"><\/h1>\n\n\n\n<p>Uma idosa de 100 anos venceu a Covid-19 e recebeu alta m\u00e9dica do Hospital de Cl\u00ednicas de Campina Grande, nesta quarta-feira (22). Feliz, ele saiu acenando para a equipe e soltando &#8216;beijinhos&#8217;. &#8220;Eita, coisa linda. Beijo, dona Joana&#8221;, disse um dos profissionais de Sa\u00fade que esteve ao lado da dona Joana Gomes, na despedida.<\/p>\n\n\n\n<p>Ela passou 25 dias internada no Hospital de Cl\u00ednicas de Campina Grande. Chegou a ocupar a UTI (Unidade de Terapia Intensiva) por sete dias, mas depois continuou o tratamento na enfermaria, segundo informou ao ClickPB o diretor t\u00e9cnico da unidade, o m\u00e9dico Jhony Bezerra. Hoje dona Joana voltou para casa, no bairro Santa Rosa.<\/p>\n\n\n\n<p>Ela saiu do hospital sob aplausos dos profissionais de Sa\u00fade e ao som da m\u00fasica &#8216;We Are The Champions&#8217; (N\u00f3s somos campe\u00f5es).<\/p>\n\n\n\n<p>&#8220;Eu sou S\u00f4nia, filha de dona Joana, que tem 100 anos. Venho agradecer ao Hospital de Cl\u00ednicas pelo atendimento e por tudo aquilo que eles fizeram por minha m\u00e3e. S\u00f3 tenho a agradecer pelo empenho e pela comunica\u00e7\u00e3o que eles tiveram com a fam\u00edlia&#8221;, disse a filha de dona Joana.<\/p>\n\n\n\n<figure><iframe width=\"900\" height=\"506\" data-src=\"https:\/\/www.youtube.com\/embed\/PasbloFPqg8\" allowfullscreen=\"\" src=\"data:image\/svg+xml;base64,PHN2ZyB3aWR0aD0iMSIgaGVpZ2h0PSIxIiB4bWxucz0iaHR0cDovL3d3dy53My5vcmcvMjAwMC9zdmciPjwvc3ZnPg==\" class=\"lazyload\" data-load-mode=\"1\"><\/iframe><\/figure>\n","protected":false},"excerpt":{"rendered":"<p>Uma idosa de 100 anos venceu a Covid-19 e recebeu alta m\u00e9dica do Hospital de Cl\u00ednicas de Campina Grande, nesta quarta-feira (22). Feliz, ele saiu&hellip; <\/p>\n","protected":false},"author":2,"featured_media":180203,"comment_status":"closed","ping_status":"closed","sticky":false,"template":"","format":"standard","meta":{"sfsi_plus_gutenberg_text_before_share":"","sfsi_plus_gutenberg_show_text_before_share":"","sfsi_plus_gutenberg_icon_type":"","sfsi_plus_gutenberg_icon_alignemt":"","sfsi_plus_gutenburg_max_per_row":"","footnotes":""},"categories":[50,16],"tags":[],"class_list":["post-180202","post","type-post","status-publish","format-standard","has-post-thumbnail","hentry","category-destaque","category-saude"],"_links":{"self":[{"href":"https:\/\/www.caririemacao.com\/1\/wp-json\/wp\/v2\/posts\/180202","targetHints":{"allow":["GET"]}}],"collection":[{"href":"https:\/\/www.caririemacao.com\/1\/wp-json\/wp\/v2\/posts"}],"about":[{"href":"https:\/\/www.caririemacao.com\/1\/wp-json\/wp\/v2\/types\/post"}],"author":[{"embeddable":true,"href":"https:\/\/www.caririemacao.com\/1\/wp-json\/wp\/v2\/users\/2"}],"replies":[{"embeddable":true,"href":"https:\/\/www.caririemacao.com\/1\/wp-json\/wp\/v2\/comments?post=180202"}],"version-history":[{"count":1,"href":"https:\/\/www.caririemacao.com\/1\/wp-json\/wp\/v2\/posts\/180202\/revisions"}],"predecessor-version":[{"id":180204,"href":"https:\/\/www.caririemacao.com\/1\/wp-json\/wp\/v2\/posts\/180202\/revisions\/180204"}],"wp:featuredmedia":[{"embeddable":true,"href":"https:\/\/www.caririemacao.com\/1\/wp-json\/wp\/v2\/media\/180203"}],"wp:attachment":[{"href":"https:\/\/www.caririemacao.com\/1\/wp-json\/wp\/v2\/media?parent=180202"}],"wp:term":[{"taxonomy":"category","embeddable":true,"href":"https:\/\/www.caririemacao.com\/1\/wp-json\/wp\/v2\/categories?post=180202"},{"taxonomy":"post_tag","embeddable":true,"href":"https:\/\/www.caririemacao.com\/1\/wp-json\/wp\/v2\/tags?post=180202"}],"curies":[{"name":"wp","href":"https:\/\/api.w.org\/{rel}","templated":true}]}}