{"id":180206,"date":"2020-07-23T08:49:13","date_gmt":"2020-07-23T11:49:13","guid":{"rendered":"https:\/\/www.caririemacao.com\/1\/?p=180206"},"modified":"2020-07-23T08:49:13","modified_gmt":"2020-07-23T11:49:13","slug":"veiculo-capota-em-rodovia-no-sertao-da-paraiba","status":"publish","type":"post","link":"https:\/\/www.caririemacao.com\/1\/2020\/07\/23\/veiculo-capota-em-rodovia-no-sertao-da-paraiba\/","title":{"rendered":"Ve\u00edculo capota em rodovia no Sert\u00e3o da Para\u00edba"},"content":{"rendered":"\n<h1 class=\"wp-block-heading\"><\/h1>\n\n\n\n<p>Um ve\u00edculo capotou em acidente ocorrido na tarde desta quarta-feira (22), na rodovia entre os munic\u00edpios de Santa Terezinha e Patos, no Sert\u00e3o da Para\u00edba.<\/p>\n\n\n\n<p>O acidente ocorreu na rodovia BR-361, pr\u00f3ximo \u00e0 entrada da Fazenda dos Franceses, em Santa Terezinha, por volta das 15h.&nbsp;A caminhonete de modelo D-20, vermelha, ia sentido Santa Terezinha a Patos quando uma pe\u00e7a quebrou e fez com que o ve\u00edculo inteiro capotasse.&nbsp;<\/p>\n\n\n\n<p>Uma equipe do Servi\u00e7o de Atendimento M\u00f3vel de Urg\u00eancia (SAMU) foi acionada e esteve no local para prestar socorro.&nbsp;A Pol\u00edcia Rodovi\u00e1ria Federal tamb\u00e9m esteve no local.<\/p>\n\n\n\n<p>O ve\u00edculo ficou completamente destru\u00eddo pelo impacto do acidente.&nbsp;Os passageiros no ve\u00edculo n\u00e3o tiveram ferimentos graves.<\/p>\n\n\n\n<p>Confira imagens do acidente abaixo:<\/p>\n\n\n\n<figure class=\"wp-block-image\"><img decoding=\"async\" data-src=\"https:\/\/www.clickpb.com.br\/media\/filer_public\/d6\/27\/d62733d7-1853-4a1a-8245-c3c414571525\/whatsapp_image_2020-07-22_at_154022.jpeg\" alt=\"\" src=\"data:image\/svg+xml;base64,PHN2ZyB3aWR0aD0iMSIgaGVpZ2h0PSIxIiB4bWxucz0iaHR0cDovL3d3dy53My5vcmcvMjAwMC9zdmciPjwvc3ZnPg==\" class=\"lazyload\" \/><\/figure>\n\n\n\n<figure class=\"wp-block-image\"><img decoding=\"async\" data-src=\"https:\/\/www.clickpb.com.br\/media\/filer_public\/c8\/0a\/c80a93c7-65b0-44c6-9e19-1f69c0f929a1\/whatsapp_image_2020-07-22_at_154022_1.jpeg\" alt=\"\" src=\"data:image\/svg+xml;base64,PHN2ZyB3aWR0aD0iMSIgaGVpZ2h0PSIxIiB4bWxucz0iaHR0cDovL3d3dy53My5vcmcvMjAwMC9zdmciPjwvc3ZnPg==\" class=\"lazyload\" \/><\/figure>\n\n\n\n<figure class=\"wp-block-image\"><img decoding=\"async\" data-src=\"https:\/\/www.clickpb.com.br\/media\/filer_public\/0c\/48\/0c484960-855c-4604-b1f7-58260380ac9c\/whatsapp_image_2020-07-22_at_154021_1.jpeg\" alt=\"\" src=\"data:image\/svg+xml;base64,PHN2ZyB3aWR0aD0iMSIgaGVpZ2h0PSIxIiB4bWxucz0iaHR0cDovL3d3dy53My5vcmcvMjAwMC9zdmciPjwvc3ZnPg==\" class=\"lazyload\" \/><\/figure>\n\n\n\n<figure class=\"wp-block-image\"><img decoding=\"async\" data-src=\"https:\/\/www.clickpb.com.br\/media\/filer_public\/a1\/fd\/a1fd6fa9-91c1-4f31-9223-ab86016a5d7b\/whatsapp_image_2020-07-22_at_154024.jpeg\" alt=\"\" src=\"data:image\/svg+xml;base64,PHN2ZyB3aWR0aD0iMSIgaGVpZ2h0PSIxIiB4bWxucz0iaHR0cDovL3d3dy53My5vcmcvMjAwMC9zdmciPjwvc3ZnPg==\" class=\"lazyload\" \/><\/figure>\n\n\n\n<figure class=\"wp-block-image\"><img decoding=\"async\" data-src=\"https:\/\/www.clickpb.com.br\/media\/filer_public\/cf\/0f\/cf0f506f-8c1c-4c12-87c3-c3c7882cdfa9\/whatsapp_image_2020-07-22_at_154024_1.jpeg\" alt=\"\" src=\"data:image\/svg+xml;base64,PHN2ZyB3aWR0aD0iMSIgaGVpZ2h0PSIxIiB4bWxucz0iaHR0cDovL3d3dy53My5vcmcvMjAwMC9zdmciPjwvc3ZnPg==\" class=\"lazyload\" \/><\/figure>\n\n\n\n<figure class=\"wp-block-image\"><img decoding=\"async\" data-src=\"https:\/\/www.clickpb.com.br\/media\/filer_public\/07\/de\/07def5d2-c781-4d9a-881a-2db440181a26\/whatsapp_image_2020-07-22_at_154023_2.jpeg\" alt=\"\" src=\"data:image\/svg+xml;base64,PHN2ZyB3aWR0aD0iMSIgaGVpZ2h0PSIxIiB4bWxucz0iaHR0cDovL3d3dy53My5vcmcvMjAwMC9zdmciPjwvc3ZnPg==\" class=\"lazyload\" \/><\/figure>\n","protected":false},"excerpt":{"rendered":"<p>Um ve\u00edculo capotou em acidente ocorrido na tarde desta quarta-feira (22), na rodovia entre os munic\u00edpios de Santa Terezinha e Patos, no Sert\u00e3o da Para\u00edba.&hellip; <\/p>\n","protected":false},"author":2,"featured_media":180207,"comment_status":"closed","ping_status":"closed","sticky":false,"template":"","format":"standard","meta":{"sfsi_plus_gutenberg_text_before_share":"","sfsi_plus_gutenberg_show_text_before_share":"","sfsi_plus_gutenberg_icon_type":"","sfsi_plus_gutenberg_icon_alignemt":"","sfsi_plus_gutenburg_max_per_row":"","footnotes":""},"categories":[2],"tags":[],"class_list":["post-180206","post","type-post","status-publish","format-standard","has-post-thumbnail","hentry","category-geral"],"_links":{"self":[{"href":"https:\/\/www.caririemacao.com\/1\/wp-json\/wp\/v2\/posts\/180206","targetHints":{"allow":["GET"]}}],"collection":[{"href":"https:\/\/www.caririemacao.com\/1\/wp-json\/wp\/v2\/posts"}],"about":[{"href":"https:\/\/www.caririemacao.com\/1\/wp-json\/wp\/v2\/types\/post"}],"author":[{"embeddable":true,"href":"https:\/\/www.caririemacao.com\/1\/wp-json\/wp\/v2\/users\/2"}],"replies":[{"embeddable":true,"href":"https:\/\/www.caririemacao.com\/1\/wp-json\/wp\/v2\/comments?post=180206"}],"version-history":[{"count":1,"href":"https:\/\/www.caririemacao.com\/1\/wp-json\/wp\/v2\/posts\/180206\/revisions"}],"predecessor-version":[{"id":180208,"href":"https:\/\/www.caririemacao.com\/1\/wp-json\/wp\/v2\/posts\/180206\/revisions\/180208"}],"wp:featuredmedia":[{"embeddable":true,"href":"https:\/\/www.caririemacao.com\/1\/wp-json\/wp\/v2\/media\/180207"}],"wp:attachment":[{"href":"https:\/\/www.caririemacao.com\/1\/wp-json\/wp\/v2\/media?parent=180206"}],"wp:term":[{"taxonomy":"category","embeddable":true,"href":"https:\/\/www.caririemacao.com\/1\/wp-json\/wp\/v2\/categories?post=180206"},{"taxonomy":"post_tag","embeddable":true,"href":"https:\/\/www.caririemacao.com\/1\/wp-json\/wp\/v2\/tags?post=180206"}],"curies":[{"name":"wp","href":"https:\/\/api.w.org\/{rel}","templated":true}]}}