{"id":180210,"date":"2020-07-23T08:51:37","date_gmt":"2020-07-23T11:51:37","guid":{"rendered":"https:\/\/www.caririemacao.com\/1\/?p=180210"},"modified":"2020-07-23T08:51:37","modified_gmt":"2020-07-23T11:51:37","slug":"detalhes-do-novo-concurso-publico-na-area-de-educacao-da-paraiba-serao-divulgados-em-agosto-afirma-secretario","status":"publish","type":"post","link":"https:\/\/www.caririemacao.com\/1\/2020\/07\/23\/detalhes-do-novo-concurso-publico-na-area-de-educacao-da-paraiba-serao-divulgados-em-agosto-afirma-secretario\/","title":{"rendered":"Detalhes do novo concurso p\u00fablico na \u00e1rea de educa\u00e7\u00e3o da Para\u00edba ser\u00e3o divulgados em agosto, afirma secret\u00e1rio"},"content":{"rendered":"\n<h1 class=\"wp-block-heading\"><\/h1>\n\n\n\n<p>Em agosto, deve ser repassado os detalhes do concurso p\u00fablico na \u00e1rea de educa\u00e7\u00e3o da Para\u00edba com mil vagas, que foi anunciado no in\u00edcio de 2020, pelo Governo da Para\u00edba. O secret\u00e1rio de Educa\u00e7\u00e3o e da Ci\u00eancia e Tecnologia, Cl\u00e1udio&nbsp;Furtado, revelou, durante entrevista ao programa &#8216;Arapuan Verdade&#8217;, nesta quarta-feira (22), que uma resposta a respeito do assunto sair\u00e1&nbsp;nos pr\u00f3ximos dias.&nbsp;<\/p>\n\n\n\n<p>\u201cEstamos&nbsp;estudando as necessidades. Existe um concurso que a gente j\u00e1 aproveitou quase a totalidade de vagas e que foi renovado por mais seis meses. Ainda existe 80 vagas remanescentes e que est\u00e3o sendo chamadas. E nesse estudo de viabilidade, que est\u00e1&nbsp;sendo feito sobre as necessidades, a gente est\u00e1 vendo o que ser\u00e1 feito devido \u00e0&nbsp;pandemia. Mas em breve, no pr\u00f3ximo m\u00eas, em agosto, daremos&nbsp;uma resposta a respeito disso\u201d, afirmou.<\/p>\n\n\n\n<p>O an\u00fancio para mais um concurso p\u00fablico havia sido feito no in\u00edcio do ano.&nbsp;No entanto, o edital n\u00e3o foi divulgado na \u00e9poca. Poucos dias depois, o Estado decretou isolamento social por conta&nbsp;da pandemia do novo coronav\u00edrus e houve a&nbsp;suspens\u00e3o de algumas atividades. O concurso acabou ficando em &#8216;stand by&#8217;. O secret\u00e1rio n\u00e3o entrou em detalhes se permanece ou n\u00e3o o concurso para este ano.&nbsp;<\/p>\n","protected":false},"excerpt":{"rendered":"<p>Em agosto, deve ser repassado os detalhes do concurso p\u00fablico na \u00e1rea de educa\u00e7\u00e3o da Para\u00edba com mil vagas, que foi anunciado no in\u00edcio de&hellip; <\/p>\n","protected":false},"author":2,"featured_media":180211,"comment_status":"closed","ping_status":"closed","sticky":false,"template":"","format":"standard","meta":{"sfsi_plus_gutenberg_text_before_share":"","sfsi_plus_gutenberg_show_text_before_share":"","sfsi_plus_gutenberg_icon_type":"","sfsi_plus_gutenberg_icon_alignemt":"","sfsi_plus_gutenburg_max_per_row":"","footnotes":""},"categories":[50,14],"tags":[],"class_list":["post-180210","post","type-post","status-publish","format-standard","has-post-thumbnail","hentry","category-destaque","category-educacao"],"_links":{"self":[{"href":"https:\/\/www.caririemacao.com\/1\/wp-json\/wp\/v2\/posts\/180210","targetHints":{"allow":["GET"]}}],"collection":[{"href":"https:\/\/www.caririemacao.com\/1\/wp-json\/wp\/v2\/posts"}],"about":[{"href":"https:\/\/www.caririemacao.com\/1\/wp-json\/wp\/v2\/types\/post"}],"author":[{"embeddable":true,"href":"https:\/\/www.caririemacao.com\/1\/wp-json\/wp\/v2\/users\/2"}],"replies":[{"embeddable":true,"href":"https:\/\/www.caririemacao.com\/1\/wp-json\/wp\/v2\/comments?post=180210"}],"version-history":[{"count":1,"href":"https:\/\/www.caririemacao.com\/1\/wp-json\/wp\/v2\/posts\/180210\/revisions"}],"predecessor-version":[{"id":180212,"href":"https:\/\/www.caririemacao.com\/1\/wp-json\/wp\/v2\/posts\/180210\/revisions\/180212"}],"wp:featuredmedia":[{"embeddable":true,"href":"https:\/\/www.caririemacao.com\/1\/wp-json\/wp\/v2\/media\/180211"}],"wp:attachment":[{"href":"https:\/\/www.caririemacao.com\/1\/wp-json\/wp\/v2\/media?parent=180210"}],"wp:term":[{"taxonomy":"category","embeddable":true,"href":"https:\/\/www.caririemacao.com\/1\/wp-json\/wp\/v2\/categories?post=180210"},{"taxonomy":"post_tag","embeddable":true,"href":"https:\/\/www.caririemacao.com\/1\/wp-json\/wp\/v2\/tags?post=180210"}],"curies":[{"name":"wp","href":"https:\/\/api.w.org\/{rel}","templated":true}]}}