{"id":180214,"date":"2020-07-23T08:54:02","date_gmt":"2020-07-23T11:54:02","guid":{"rendered":"https:\/\/www.caririemacao.com\/1\/?p=180214"},"modified":"2020-07-23T08:54:02","modified_gmt":"2020-07-23T11:54:02","slug":"expectativa-e-que-vacina-para-a-covid-19-esteja-disponivel-ate-o-fim-do-ano-na-paraiba-diz-governador","status":"publish","type":"post","link":"https:\/\/www.caririemacao.com\/1\/2020\/07\/23\/expectativa-e-que-vacina-para-a-covid-19-esteja-disponivel-ate-o-fim-do-ano-na-paraiba-diz-governador\/","title":{"rendered":"Expectativa \u00e9 que vacina para a Covid-19 esteja dispon\u00edvel at\u00e9 o fim do ano na Para\u00edba, diz governador"},"content":{"rendered":"\n<h3 class=\"wp-block-heading\"><\/h3>\n\n\n\n<hr class=\"wp-block-separator\"\/>\n\n\n\n<p>O governador Jo\u00e3o Azev\u00eado (Cidadania) revelou nesta quarta-feira (22) a expectativa para que a\u00a0<strong>vacina<\/strong>\u00a0contra a\u00a0<strong>Covid-19<\/strong>\u00a0esteja dispon\u00edvel para os paraibanos no fim deste ano.\u00a0No momento, duas vacinas est\u00e3o em testes no Brasil.<\/p>\n\n\n\n<p>Segundo Jo\u00e3o, enquanto a vacina n\u00e3o \u00e9 testada, \u00e9 preciso saber conviver como \u2018novo normal\u2019, utilizando m\u00e1scaras e mantendo o distanciamento social contra a dissemina\u00e7\u00e3o do v\u00edrus.<\/p>\n\n\n\n<p>\u201cA gente sabe que tem uma luta muito grande para que chegue, eu espero no fim do ano, mais tardar janeiro, estejamos com campanha de vacina\u00e7\u00e3o, e a\u00ed sim trazer uma tranquilidade maior \u00e0 popula\u00e7\u00e3o. Enquanto isso, temos que aprender a viver no novo normal\u201d, disse \u00e0 Pop Fm.<\/p>\n\n\n\n<p>Azev\u00eado comentou ainda a capacidade da Para\u00edba para contens\u00e3o da doen\u00e7a. O n\u00famero de UTIs no Estado \u00e9 compar\u00e1vel com sistemas de sa\u00fade europeus, usados como refer\u00eancia pelo governador.<\/p>\n\n\n\n<p>\u201cHoje a Para\u00edba tem uma rela\u00e7\u00e3o de leitos de UTI a cada 100 mil habitantes que \u00e9 igual \u00e0 Europa e isso vai ficar, esse legado. Foi uma luta muito grande, mas qualquer cidad\u00e3o sabe que a medidas mutias vezes \u00e9 dura, mas estamos tratando de vidas, que \u00e9 mais importante. Por isso que em uma pesquisa a popula\u00e7\u00e3o em torno de 68% aprovou as medidas tomadas visando proteger vidas\u201d, declarou.<\/p>\n","protected":false},"excerpt":{"rendered":"<p>O governador Jo\u00e3o Azev\u00eado (Cidadania) revelou nesta quarta-feira (22) a expectativa para que a\u00a0vacina\u00a0contra a\u00a0Covid-19\u00a0esteja dispon\u00edvel para os paraibanos no fim deste ano.\u00a0No momento, duas&hellip; <\/p>\n","protected":false},"author":2,"featured_media":180215,"comment_status":"closed","ping_status":"closed","sticky":false,"template":"","format":"standard","meta":{"sfsi_plus_gutenberg_text_before_share":"","sfsi_plus_gutenberg_show_text_before_share":"","sfsi_plus_gutenberg_icon_type":"","sfsi_plus_gutenberg_icon_alignemt":"","sfsi_plus_gutenburg_max_per_row":"","footnotes":""},"categories":[50,11],"tags":[],"class_list":["post-180214","post","type-post","status-publish","format-standard","has-post-thumbnail","hentry","category-destaque","category-politica"],"_links":{"self":[{"href":"https:\/\/www.caririemacao.com\/1\/wp-json\/wp\/v2\/posts\/180214","targetHints":{"allow":["GET"]}}],"collection":[{"href":"https:\/\/www.caririemacao.com\/1\/wp-json\/wp\/v2\/posts"}],"about":[{"href":"https:\/\/www.caririemacao.com\/1\/wp-json\/wp\/v2\/types\/post"}],"author":[{"embeddable":true,"href":"https:\/\/www.caririemacao.com\/1\/wp-json\/wp\/v2\/users\/2"}],"replies":[{"embeddable":true,"href":"https:\/\/www.caririemacao.com\/1\/wp-json\/wp\/v2\/comments?post=180214"}],"version-history":[{"count":1,"href":"https:\/\/www.caririemacao.com\/1\/wp-json\/wp\/v2\/posts\/180214\/revisions"}],"predecessor-version":[{"id":180216,"href":"https:\/\/www.caririemacao.com\/1\/wp-json\/wp\/v2\/posts\/180214\/revisions\/180216"}],"wp:featuredmedia":[{"embeddable":true,"href":"https:\/\/www.caririemacao.com\/1\/wp-json\/wp\/v2\/media\/180215"}],"wp:attachment":[{"href":"https:\/\/www.caririemacao.com\/1\/wp-json\/wp\/v2\/media?parent=180214"}],"wp:term":[{"taxonomy":"category","embeddable":true,"href":"https:\/\/www.caririemacao.com\/1\/wp-json\/wp\/v2\/categories?post=180214"},{"taxonomy":"post_tag","embeddable":true,"href":"https:\/\/www.caririemacao.com\/1\/wp-json\/wp\/v2\/tags?post=180214"}],"curies":[{"name":"wp","href":"https:\/\/api.w.org\/{rel}","templated":true}]}}