{"id":180218,"date":"2020-07-23T08:59:43","date_gmt":"2020-07-23T11:59:43","guid":{"rendered":"https:\/\/www.caririemacao.com\/1\/?p=180218"},"modified":"2020-07-23T08:59:43","modified_gmt":"2020-07-23T11:59:43","slug":"paroquia-e-invadida-e-ate-dinheiro-da-carteira-do-padre-e-levado-em-campina-grande","status":"publish","type":"post","link":"https:\/\/www.caririemacao.com\/1\/2020\/07\/23\/paroquia-e-invadida-e-ate-dinheiro-da-carteira-do-padre-e-levado-em-campina-grande\/","title":{"rendered":"Par\u00f3quia \u00e9 invadida e at\u00e9 dinheiro da carteira do padre \u00e9 levado em Campina Grande"},"content":{"rendered":"\n<h1 class=\"wp-block-heading\"><\/h1>\n\n\n\n<p>A&nbsp;Casa Paroquial da Igreja Santo Ant\u00f4nio, em&nbsp;Campina Grande, foi invadida na tarde dessa quarta-feira (22), durante a celebra\u00e7\u00e3o de uma missa. Foram levados R$ 8 mil pertencentes \u00e0 igreja e R$ 200 que estavam na carteira do padre.<\/p>\n\n\n\n<p>O religioso respons\u00e1vel pela par\u00f3quia&nbsp;acionou a&nbsp;pol\u00edcia&nbsp;e afirmou que deixou o ambiente&nbsp;enquanto celebrava a missa, \u00e0s 17h.<\/p>\n\n\n\n<p>No local, as portas n\u00e3o apresentavam sinais de arrombamento. A pol\u00edcia acredita que o suspeito do crime possa ter conhecimento da movimento do local.<\/p>\n","protected":false},"excerpt":{"rendered":"<p>A&nbsp;Casa Paroquial da Igreja Santo Ant\u00f4nio, em&nbsp;Campina Grande, foi invadida na tarde dessa quarta-feira (22), durante a celebra\u00e7\u00e3o de uma missa. Foram levados R$ 8&hellip; <\/p>\n","protected":false},"author":2,"featured_media":180219,"comment_status":"closed","ping_status":"closed","sticky":false,"template":"","format":"standard","meta":{"sfsi_plus_gutenberg_text_before_share":"","sfsi_plus_gutenberg_show_text_before_share":"","sfsi_plus_gutenberg_icon_type":"","sfsi_plus_gutenberg_icon_alignemt":"","sfsi_plus_gutenburg_max_per_row":"","footnotes":""},"categories":[12],"tags":[],"class_list":["post-180218","post","type-post","status-publish","format-standard","has-post-thumbnail","hentry","category-policia"],"_links":{"self":[{"href":"https:\/\/www.caririemacao.com\/1\/wp-json\/wp\/v2\/posts\/180218","targetHints":{"allow":["GET"]}}],"collection":[{"href":"https:\/\/www.caririemacao.com\/1\/wp-json\/wp\/v2\/posts"}],"about":[{"href":"https:\/\/www.caririemacao.com\/1\/wp-json\/wp\/v2\/types\/post"}],"author":[{"embeddable":true,"href":"https:\/\/www.caririemacao.com\/1\/wp-json\/wp\/v2\/users\/2"}],"replies":[{"embeddable":true,"href":"https:\/\/www.caririemacao.com\/1\/wp-json\/wp\/v2\/comments?post=180218"}],"version-history":[{"count":1,"href":"https:\/\/www.caririemacao.com\/1\/wp-json\/wp\/v2\/posts\/180218\/revisions"}],"predecessor-version":[{"id":180220,"href":"https:\/\/www.caririemacao.com\/1\/wp-json\/wp\/v2\/posts\/180218\/revisions\/180220"}],"wp:featuredmedia":[{"embeddable":true,"href":"https:\/\/www.caririemacao.com\/1\/wp-json\/wp\/v2\/media\/180219"}],"wp:attachment":[{"href":"https:\/\/www.caririemacao.com\/1\/wp-json\/wp\/v2\/media?parent=180218"}],"wp:term":[{"taxonomy":"category","embeddable":true,"href":"https:\/\/www.caririemacao.com\/1\/wp-json\/wp\/v2\/categories?post=180218"},{"taxonomy":"post_tag","embeddable":true,"href":"https:\/\/www.caririemacao.com\/1\/wp-json\/wp\/v2\/tags?post=180218"}],"curies":[{"name":"wp","href":"https:\/\/api.w.org\/{rel}","templated":true}]}}