{"id":180222,"date":"2020-07-23T09:19:13","date_gmt":"2020-07-23T12:19:13","guid":{"rendered":"https:\/\/www.caririemacao.com\/1\/?p=180222"},"modified":"2020-07-23T09:19:13","modified_gmt":"2020-07-23T12:19:13","slug":"covid-19-hospital-de-campanha-deve-ser-fechado-em-agosto-na-paraiba","status":"publish","type":"post","link":"https:\/\/www.caririemacao.com\/1\/2020\/07\/23\/covid-19-hospital-de-campanha-deve-ser-fechado-em-agosto-na-paraiba\/","title":{"rendered":"Covid-19: Hospital de campanha deve ser fechado em agosto na Para\u00edba"},"content":{"rendered":"\n<h3 class=\"wp-block-heading\"><\/h3>\n\n\n\n<hr class=\"wp-block-separator\"\/>\n\n\n\n<p>O Hospital Solid\u00e1rio, aberto para tratar especificamente de casos de Covid-19, deve ser fechado em agosto, segundo confirmou hoje o governador Jo\u00e3o Azev\u00eado. A unidade fica localizada ao lado do Hospital Metropolitano, em Santa Rita.<\/p>\n\n\n\n<p>Segundo Jo\u00e3o, esse \u00e9 um \u2018processo natural\u2019, pois a Para\u00edba est\u00e1 com uma margem grande de leitos de UTI para tratamento da doen\u00e7a causada pelo novo Coronav\u00edrus.<\/p>\n\n\n\n<p>Ele pontuou que o momento \u00e9 o mais importante para an\u00e1lise pois foi feita a reabertura do com\u00e9rcio e a libera\u00e7\u00e3o do transporte p\u00fablico, e \u00e9 preciso esperar o reflexo dessa a\u00e7\u00e3o antes de fechar o hospital de campanha.<\/p>\n\n\n\n<p>\u201cA gente sabe muito bem que h\u00e1 um contato muito maior, o transporte p\u00fablico voltou a funcionar e isso se refletir\u00e1 em n\u00fameros e esses n\u00fameros que vamos analisar. No dia 31 desse m\u00eas \u00e9 que a gente gere as novas bandeiras para os munic\u00edpios. E esses n\u00fameros que v\u00e3o dizer se vamos desmobilizar agora em agosto ou vamos aguardar\u201d, disse.<\/p>\n","protected":false},"excerpt":{"rendered":"<p>O Hospital Solid\u00e1rio, aberto para tratar especificamente de casos de Covid-19, deve ser fechado em agosto, segundo confirmou hoje o governador Jo\u00e3o Azev\u00eado. A unidade&hellip; <\/p>\n","protected":false},"author":2,"featured_media":180223,"comment_status":"closed","ping_status":"closed","sticky":false,"template":"","format":"standard","meta":{"sfsi_plus_gutenberg_text_before_share":"","sfsi_plus_gutenberg_show_text_before_share":"","sfsi_plus_gutenberg_icon_type":"","sfsi_plus_gutenberg_icon_alignemt":"","sfsi_plus_gutenburg_max_per_row":"","footnotes":""},"categories":[16],"tags":[],"class_list":["post-180222","post","type-post","status-publish","format-standard","has-post-thumbnail","hentry","category-saude"],"_links":{"self":[{"href":"https:\/\/www.caririemacao.com\/1\/wp-json\/wp\/v2\/posts\/180222","targetHints":{"allow":["GET"]}}],"collection":[{"href":"https:\/\/www.caririemacao.com\/1\/wp-json\/wp\/v2\/posts"}],"about":[{"href":"https:\/\/www.caririemacao.com\/1\/wp-json\/wp\/v2\/types\/post"}],"author":[{"embeddable":true,"href":"https:\/\/www.caririemacao.com\/1\/wp-json\/wp\/v2\/users\/2"}],"replies":[{"embeddable":true,"href":"https:\/\/www.caririemacao.com\/1\/wp-json\/wp\/v2\/comments?post=180222"}],"version-history":[{"count":1,"href":"https:\/\/www.caririemacao.com\/1\/wp-json\/wp\/v2\/posts\/180222\/revisions"}],"predecessor-version":[{"id":180224,"href":"https:\/\/www.caririemacao.com\/1\/wp-json\/wp\/v2\/posts\/180222\/revisions\/180224"}],"wp:featuredmedia":[{"embeddable":true,"href":"https:\/\/www.caririemacao.com\/1\/wp-json\/wp\/v2\/media\/180223"}],"wp:attachment":[{"href":"https:\/\/www.caririemacao.com\/1\/wp-json\/wp\/v2\/media?parent=180222"}],"wp:term":[{"taxonomy":"category","embeddable":true,"href":"https:\/\/www.caririemacao.com\/1\/wp-json\/wp\/v2\/categories?post=180222"},{"taxonomy":"post_tag","embeddable":true,"href":"https:\/\/www.caririemacao.com\/1\/wp-json\/wp\/v2\/tags?post=180222"}],"curies":[{"name":"wp","href":"https:\/\/api.w.org\/{rel}","templated":true}]}}