{"id":180226,"date":"2020-07-23T09:21:17","date_gmt":"2020-07-23T12:21:17","guid":{"rendered":"https:\/\/www.caririemacao.com\/1\/?p=180226"},"modified":"2020-07-23T09:21:17","modified_gmt":"2020-07-23T12:21:17","slug":"sitio-de-atibaia-trf-4-nega-anulacao-de-delacoes-da-odebrecht","status":"publish","type":"post","link":"https:\/\/www.caririemacao.com\/1\/2020\/07\/23\/sitio-de-atibaia-trf-4-nega-anulacao-de-delacoes-da-odebrecht\/","title":{"rendered":"S\u00edtio de Atibaia: TRF-4 nega anula\u00e7\u00e3o de dela\u00e7\u00f5es da Odebrecht"},"content":{"rendered":"\n<h3 class=\"wp-block-heading\"><\/h3>\n\n\n\n<hr class=\"wp-block-separator\"\/>\n\n\n\n<p><ins><\/ins><\/p>\n\n\n\n<p>O Tribunal Regional Federal da 4a Regi\u00e3o (TRF-4) negou nesta quarta-feira (22) um pedido apresentado pela defesa do&nbsp;<a href=\"https:\/\/wscom.com.br\/lula-estamos-colhendo-um-genocidio-por-falta-de-competencia-de-bolsonaro-em-nao-conter-a-pandemia\/\" target=\"_blank\" rel=\"noreferrer noopener\">ex-presidente Lula<\/a>&nbsp;para que dela\u00e7\u00f5es da Odebrecht no caso do s\u00edtio de Atibaia fossem anuladas. Os desembargadores rejeitaram o recurso por unanimidade, em sess\u00e3o que durou oito minutos nesta tarde.<\/p>\n\n\n\n<p>No pedido, o advogado do ex-presidente, Cristiano Zanin Martins, argumentou que a empresa paga sal\u00e1rios aos 77 delatores ligados ao grupo, e que uma planilha da empreiteira prova que os delatores passaram a receber o dinheiro depois que aderiram \u00e0s narrativas defendidas pela for\u00e7a-tarefa da Lava Jato, informa a jornalista Bela Megale, do Globo.<\/p>\n\n\n\n<p>Zanin chegou a apresentar uma quest\u00e3o de ordem solicitando que o julgamento de hoje fosse suspenso at\u00e9 que o mandado de seguran\u00e7a sobre a atua\u00e7\u00e3o do FBI junto aos procuradores da Lava Jato fosse julgado, mas o pedido tamb\u00e9m foi rejeitado pelo TRF-4. O advogado do ex-presidente pretende recorrer da decis\u00e3o.<\/p>\n","protected":false},"excerpt":{"rendered":"<p>O Tribunal Regional Federal da 4a Regi\u00e3o (TRF-4) negou nesta quarta-feira (22) um pedido apresentado pela defesa do&nbsp;ex-presidente Lula&nbsp;para que dela\u00e7\u00f5es da Odebrecht no caso&hellip; <\/p>\n","protected":false},"author":2,"featured_media":180227,"comment_status":"closed","ping_status":"closed","sticky":false,"template":"","format":"standard","meta":{"sfsi_plus_gutenberg_text_before_share":"","sfsi_plus_gutenberg_show_text_before_share":"","sfsi_plus_gutenberg_icon_type":"","sfsi_plus_gutenberg_icon_alignemt":"","sfsi_plus_gutenburg_max_per_row":"","footnotes":""},"categories":[2],"tags":[],"class_list":["post-180226","post","type-post","status-publish","format-standard","has-post-thumbnail","hentry","category-geral"],"_links":{"self":[{"href":"https:\/\/www.caririemacao.com\/1\/wp-json\/wp\/v2\/posts\/180226","targetHints":{"allow":["GET"]}}],"collection":[{"href":"https:\/\/www.caririemacao.com\/1\/wp-json\/wp\/v2\/posts"}],"about":[{"href":"https:\/\/www.caririemacao.com\/1\/wp-json\/wp\/v2\/types\/post"}],"author":[{"embeddable":true,"href":"https:\/\/www.caririemacao.com\/1\/wp-json\/wp\/v2\/users\/2"}],"replies":[{"embeddable":true,"href":"https:\/\/www.caririemacao.com\/1\/wp-json\/wp\/v2\/comments?post=180226"}],"version-history":[{"count":1,"href":"https:\/\/www.caririemacao.com\/1\/wp-json\/wp\/v2\/posts\/180226\/revisions"}],"predecessor-version":[{"id":180228,"href":"https:\/\/www.caririemacao.com\/1\/wp-json\/wp\/v2\/posts\/180226\/revisions\/180228"}],"wp:featuredmedia":[{"embeddable":true,"href":"https:\/\/www.caririemacao.com\/1\/wp-json\/wp\/v2\/media\/180227"}],"wp:attachment":[{"href":"https:\/\/www.caririemacao.com\/1\/wp-json\/wp\/v2\/media?parent=180226"}],"wp:term":[{"taxonomy":"category","embeddable":true,"href":"https:\/\/www.caririemacao.com\/1\/wp-json\/wp\/v2\/categories?post=180226"},{"taxonomy":"post_tag","embeddable":true,"href":"https:\/\/www.caririemacao.com\/1\/wp-json\/wp\/v2\/tags?post=180226"}],"curies":[{"name":"wp","href":"https:\/\/api.w.org\/{rel}","templated":true}]}}