{"id":180246,"date":"2020-07-23T10:11:20","date_gmt":"2020-07-23T13:11:20","guid":{"rendered":"https:\/\/www.caririemacao.com\/1\/?p=180246"},"modified":"2020-07-23T10:11:20","modified_gmt":"2020-07-23T13:11:20","slug":"governo-estima-rombo-de-r-787-bilhoes-nas-contas-publicas-em-2020","status":"publish","type":"post","link":"https:\/\/www.caririemacao.com\/1\/2020\/07\/23\/governo-estima-rombo-de-r-787-bilhoes-nas-contas-publicas-em-2020\/","title":{"rendered":"Governo estima rombo de R$ 787 bilh\u00f5es nas contas p\u00fablicas em 2020"},"content":{"rendered":"\n<h2 class=\"wp-block-heading\"><\/h2>\n\n\n\n<p>O Minist\u00e9rio da Economia estima que o deficit prim\u00e1rio ser\u00e1 de R$ 787,5 bilh\u00f5es em 2020. Os c\u00e1lculos foram feitos com uma expectativa de queda de 4,7% do Produto Interno Bruto brasileiro no ano.<br><br><br>Os dados foram divulgados nesta 4\u00aa feira (22.jul.2020).<\/p>\n","protected":false},"excerpt":{"rendered":"<p>O Minist\u00e9rio da Economia estima que o deficit prim\u00e1rio ser\u00e1 de R$ 787,5 bilh\u00f5es em 2020. Os c\u00e1lculos foram feitos com uma expectativa de queda&hellip; <\/p>\n","protected":false},"author":2,"featured_media":180247,"comment_status":"closed","ping_status":"closed","sticky":false,"template":"","format":"standard","meta":{"sfsi_plus_gutenberg_text_before_share":"","sfsi_plus_gutenberg_show_text_before_share":"","sfsi_plus_gutenberg_icon_type":"","sfsi_plus_gutenberg_icon_alignemt":"","sfsi_plus_gutenburg_max_per_row":"","footnotes":""},"categories":[11],"tags":[],"class_list":["post-180246","post","type-post","status-publish","format-standard","has-post-thumbnail","hentry","category-politica"],"_links":{"self":[{"href":"https:\/\/www.caririemacao.com\/1\/wp-json\/wp\/v2\/posts\/180246","targetHints":{"allow":["GET"]}}],"collection":[{"href":"https:\/\/www.caririemacao.com\/1\/wp-json\/wp\/v2\/posts"}],"about":[{"href":"https:\/\/www.caririemacao.com\/1\/wp-json\/wp\/v2\/types\/post"}],"author":[{"embeddable":true,"href":"https:\/\/www.caririemacao.com\/1\/wp-json\/wp\/v2\/users\/2"}],"replies":[{"embeddable":true,"href":"https:\/\/www.caririemacao.com\/1\/wp-json\/wp\/v2\/comments?post=180246"}],"version-history":[{"count":1,"href":"https:\/\/www.caririemacao.com\/1\/wp-json\/wp\/v2\/posts\/180246\/revisions"}],"predecessor-version":[{"id":180248,"href":"https:\/\/www.caririemacao.com\/1\/wp-json\/wp\/v2\/posts\/180246\/revisions\/180248"}],"wp:featuredmedia":[{"embeddable":true,"href":"https:\/\/www.caririemacao.com\/1\/wp-json\/wp\/v2\/media\/180247"}],"wp:attachment":[{"href":"https:\/\/www.caririemacao.com\/1\/wp-json\/wp\/v2\/media?parent=180246"}],"wp:term":[{"taxonomy":"category","embeddable":true,"href":"https:\/\/www.caririemacao.com\/1\/wp-json\/wp\/v2\/categories?post=180246"},{"taxonomy":"post_tag","embeddable":true,"href":"https:\/\/www.caririemacao.com\/1\/wp-json\/wp\/v2\/tags?post=180246"}],"curies":[{"name":"wp","href":"https:\/\/api.w.org\/{rel}","templated":true}]}}