{"id":180250,"date":"2020-07-23T10:14:20","date_gmt":"2020-07-23T13:14:20","guid":{"rendered":"https:\/\/www.caririemacao.com\/1\/?p=180250"},"modified":"2020-07-23T10:14:20","modified_gmt":"2020-07-23T13:14:20","slug":"denuncia-envolvendo-ricardo-coutinho-e-recebida-no-tribunal-de-justica-da-paraiba","status":"publish","type":"post","link":"https:\/\/www.caririemacao.com\/1\/2020\/07\/23\/denuncia-envolvendo-ricardo-coutinho-e-recebida-no-tribunal-de-justica-da-paraiba\/","title":{"rendered":"Den\u00fancia envolvendo Ricardo Coutinho \u00e9 recebida no Tribunal de Justi\u00e7a da Para\u00edba"},"content":{"rendered":"\n<h1 class=\"wp-block-heading\"><\/h1>\n\n\n\n<p>A ju\u00edza Michelini de Oliveira Dantas Jatob\u00e1, da Vara de Entorpecentes da Capital, recebeu den\u00fancia do Minist\u00e9rio P\u00fablico da Para\u00edba (MPPB) contra o ex-governador Ricardo Vieira Coutinho, pelo crime de corrup\u00e7\u00e3o passiva. A magistrada est\u00e1 atuando no processo na qualidade de substituta imediata do ju\u00edzo da 5\u00aa Vara Criminal e diante da suspei\u00e7\u00e3o averbada pelos magistrados anteriormente. Da decis\u00e3o cabe recurso.<\/p>\n\n\n\n<p>A decis\u00e3o pelo recebimento da den\u00fancia ocorreu no dia 29 de junho, de acordo com a movimenta\u00e7\u00e3o do processo. \u201cA pe\u00e7a acusat\u00f3ria atende aos requisitos formais do artigo 41 do C\u00f3digo de Processo Penal, por estar alicer\u00e7ada em fonte de informa\u00e7\u00e3o b\u00e1sica do (s) delito (s) e oferecendo ind\u00edcios de autoria, n\u00e3o havendo motivo que autorize a sua rejei\u00e7\u00e3o, como a in\u00e9pcia ou falta de pressuposto processual ou condi\u00e7\u00e3o para o exerc\u00edcio da a\u00e7\u00e3o penal\u201d, destaca a magistrada.<\/p>\n\n\n\n<p>Ao receber a den\u00fancia, nos termos apresentados pelo Minist\u00e9rio P\u00fablico, a ju\u00edza determinou a cita\u00e7\u00e3o do acusado para responder \u00e0 acusa\u00e7\u00e3o, por escrito, no prazo de 10 dias, conforme o previsto no artigo 396 do C\u00f3digo de Processo Penal. Ela explica que, na resposta, o acusado poder\u00e1 arguir preliminares e invocar todas as raz\u00f5es de defesa, oferecer documentos e justifica\u00e7\u00f5es, especificar as provas pretendidas e arrolar testemunhas, qualificando-as e requerendo sua intima\u00e7\u00e3o, quando necess\u00e1rio.<\/p>\n\n\n\n<p>\u201cEfetivada a cita\u00e7\u00e3o e n\u00e3o apresentada resposta no prazo legal, na aus\u00eancia de advogado constitu\u00eddo, nomeio desde j\u00e1 o Defensor P\u00fablico atuante neste Ju\u00edzo para oferecer resposta \u00e0 acusa\u00e7\u00e3o, por escrito, no prazo legal, concedendo-lhe vista dos autos para tal mister\u201d, destaca outro trecho da decis\u00e3o da ju\u00edza Michelini Jatob\u00e1.<\/p>\n\n\n\n<p>ClickPB<\/p>\n","protected":false},"excerpt":{"rendered":"<p>A ju\u00edza Michelini de Oliveira Dantas Jatob\u00e1, da Vara de Entorpecentes da Capital, recebeu den\u00fancia do Minist\u00e9rio P\u00fablico da Para\u00edba (MPPB) contra o ex-governador Ricardo&hellip; <\/p>\n","protected":false},"author":2,"featured_media":180251,"comment_status":"closed","ping_status":"closed","sticky":false,"template":"","format":"standard","meta":{"sfsi_plus_gutenberg_text_before_share":"","sfsi_plus_gutenberg_show_text_before_share":"","sfsi_plus_gutenberg_icon_type":"","sfsi_plus_gutenberg_icon_alignemt":"","sfsi_plus_gutenburg_max_per_row":"","footnotes":""},"categories":[2],"tags":[],"class_list":["post-180250","post","type-post","status-publish","format-standard","has-post-thumbnail","hentry","category-geral"],"_links":{"self":[{"href":"https:\/\/www.caririemacao.com\/1\/wp-json\/wp\/v2\/posts\/180250","targetHints":{"allow":["GET"]}}],"collection":[{"href":"https:\/\/www.caririemacao.com\/1\/wp-json\/wp\/v2\/posts"}],"about":[{"href":"https:\/\/www.caririemacao.com\/1\/wp-json\/wp\/v2\/types\/post"}],"author":[{"embeddable":true,"href":"https:\/\/www.caririemacao.com\/1\/wp-json\/wp\/v2\/users\/2"}],"replies":[{"embeddable":true,"href":"https:\/\/www.caririemacao.com\/1\/wp-json\/wp\/v2\/comments?post=180250"}],"version-history":[{"count":1,"href":"https:\/\/www.caririemacao.com\/1\/wp-json\/wp\/v2\/posts\/180250\/revisions"}],"predecessor-version":[{"id":180252,"href":"https:\/\/www.caririemacao.com\/1\/wp-json\/wp\/v2\/posts\/180250\/revisions\/180252"}],"wp:featuredmedia":[{"embeddable":true,"href":"https:\/\/www.caririemacao.com\/1\/wp-json\/wp\/v2\/media\/180251"}],"wp:attachment":[{"href":"https:\/\/www.caririemacao.com\/1\/wp-json\/wp\/v2\/media?parent=180250"}],"wp:term":[{"taxonomy":"category","embeddable":true,"href":"https:\/\/www.caririemacao.com\/1\/wp-json\/wp\/v2\/categories?post=180250"},{"taxonomy":"post_tag","embeddable":true,"href":"https:\/\/www.caririemacao.com\/1\/wp-json\/wp\/v2\/tags?post=180250"}],"curies":[{"name":"wp","href":"https:\/\/api.w.org\/{rel}","templated":true}]}}