{"id":180254,"date":"2020-07-23T10:18:09","date_gmt":"2020-07-23T13:18:09","guid":{"rendered":"https:\/\/www.caririemacao.com\/1\/?p=180254"},"modified":"2020-07-23T10:18:09","modified_gmt":"2020-07-23T13:18:09","slug":"5-casos-de-covid-19-sao-registrados-em-monteiro","status":"publish","type":"post","link":"https:\/\/www.caririemacao.com\/1\/2020\/07\/23\/5-casos-de-covid-19-sao-registrados-em-monteiro\/","title":{"rendered":"5 casos de Covid-19 s\u00e3o registrados em Monteiro"},"content":{"rendered":"\n<h1 class=\"wp-block-heading\"> <\/h1>\n\n\n\n<p>A prefeitura municipal de Monteiro confirmou na tarde desta quarta-feira(22\/07), cinco casos positivos de Covid-19. Segundo o boletim emitido pela secretaria de sa\u00fade, agora o munic\u00edpio j\u00e1 t\u00eam 225 casos.<\/p>\n\n\n\n<p>Ainda segundo o boletim, 137 casos est\u00e3o recuperados, 108 est\u00e3o em investiga\u00e7\u00e3o, 1212 foram descartados, 86 casos ativos e foram registrados dois \u00f3bito.<\/p>\n\n\n\n<p>Os casos de hoje:<\/p>\n\n\n\n<p>Sendo tr\u00eas pacientes de 4, 24 e 32 anos, e duas pacientes 1 e 31 anos.&nbsp;&nbsp;Todos permanecem em isolamento domiciliar, acompanhados pela Vigil\u00e2ncia em Sa\u00fade do Munic\u00edpio.<\/p>\n\n\n\n<p>Focando Para\u00edba<\/p>\n","protected":false},"excerpt":{"rendered":"<p>A prefeitura municipal de Monteiro confirmou na tarde desta quarta-feira(22\/07), cinco casos positivos de Covid-19. Segundo o boletim emitido pela secretaria de sa\u00fade, agora o&hellip; <\/p>\n","protected":false},"author":2,"featured_media":180255,"comment_status":"closed","ping_status":"closed","sticky":false,"template":"","format":"standard","meta":{"sfsi_plus_gutenberg_text_before_share":"","sfsi_plus_gutenberg_show_text_before_share":"","sfsi_plus_gutenberg_icon_type":"","sfsi_plus_gutenberg_icon_alignemt":"","sfsi_plus_gutenburg_max_per_row":"","footnotes":""},"categories":[2],"tags":[],"class_list":["post-180254","post","type-post","status-publish","format-standard","has-post-thumbnail","hentry","category-geral"],"_links":{"self":[{"href":"https:\/\/www.caririemacao.com\/1\/wp-json\/wp\/v2\/posts\/180254","targetHints":{"allow":["GET"]}}],"collection":[{"href":"https:\/\/www.caririemacao.com\/1\/wp-json\/wp\/v2\/posts"}],"about":[{"href":"https:\/\/www.caririemacao.com\/1\/wp-json\/wp\/v2\/types\/post"}],"author":[{"embeddable":true,"href":"https:\/\/www.caririemacao.com\/1\/wp-json\/wp\/v2\/users\/2"}],"replies":[{"embeddable":true,"href":"https:\/\/www.caririemacao.com\/1\/wp-json\/wp\/v2\/comments?post=180254"}],"version-history":[{"count":1,"href":"https:\/\/www.caririemacao.com\/1\/wp-json\/wp\/v2\/posts\/180254\/revisions"}],"predecessor-version":[{"id":180256,"href":"https:\/\/www.caririemacao.com\/1\/wp-json\/wp\/v2\/posts\/180254\/revisions\/180256"}],"wp:featuredmedia":[{"embeddable":true,"href":"https:\/\/www.caririemacao.com\/1\/wp-json\/wp\/v2\/media\/180255"}],"wp:attachment":[{"href":"https:\/\/www.caririemacao.com\/1\/wp-json\/wp\/v2\/media?parent=180254"}],"wp:term":[{"taxonomy":"category","embeddable":true,"href":"https:\/\/www.caririemacao.com\/1\/wp-json\/wp\/v2\/categories?post=180254"},{"taxonomy":"post_tag","embeddable":true,"href":"https:\/\/www.caririemacao.com\/1\/wp-json\/wp\/v2\/tags?post=180254"}],"curies":[{"name":"wp","href":"https:\/\/api.w.org\/{rel}","templated":true}]}}