{"id":180258,"date":"2020-07-23T10:23:19","date_gmt":"2020-07-23T13:23:19","guid":{"rendered":"https:\/\/www.caririemacao.com\/1\/?p=180258"},"modified":"2020-07-23T10:23:19","modified_gmt":"2020-07-23T13:23:19","slug":"tecnologia-5g-sera-o-assunto-de-2021-afirma-fabio-faria","status":"publish","type":"post","link":"https:\/\/www.caririemacao.com\/1\/2020\/07\/23\/tecnologia-5g-sera-o-assunto-de-2021-afirma-fabio-faria\/","title":{"rendered":"&#8220;Tecnologia 5G ser\u00e1 o assunto de 2021\u201d, afirma F\u00e1bio Faria"},"content":{"rendered":"\n<h2 class=\"wp-block-heading\"><\/h2>\n\n\n\n<p>Em visita \u00e0s instala\u00e7\u00f5es da&nbsp;<strong>Empresa Brasil de Comunica\u00e7\u00e3o &#8211; EBC<\/strong>, o ministro das Comunica\u00e7\u00f5es, F\u00e1bio Faria, falou sobre o que acredita que ser\u00e1 um dos assuntos mais discutidos em 2021: a tecnologia 5G.<img decoding=\"async\" data-src=\"https:\/\/agenciabrasil.ebc.com.br\/ebc.png?id=1312105&amp;o=node\" src=\"data:image\/svg+xml;base64,PHN2ZyB3aWR0aD0iMSIgaGVpZ2h0PSIxIiB4bWxucz0iaHR0cDovL3d3dy53My5vcmcvMjAwMC9zdmciPjwvc3ZnPg==\" class=\"lazyload\"><\/p>\n\n\n\n<p>\u201cO 5G trar\u00e1 para a realidade a telemedicina, ve\u00edculos aut\u00f4nomos, cirurgia \u00e0 dist\u00e2ncia. Ele vai mudar a vida do cidad\u00e3o, n\u00e3o apenas com velocidade de&nbsp;<em>download<\/em>. O impacto na economia ser\u00e1 muito forte. V\u00e1rios investimentos de fora vir\u00e3o para o Brasil\u201d, afirmou o ministro.&nbsp;<\/p>\n\n\n\n<p>Faria argumentou ainda que o avan\u00e7o na discuss\u00e3o do 5G trar\u00e1, inevitavelmente, um aumento na cobertura e no uso da rede para as camadas mais carentes&nbsp;da popula\u00e7\u00e3o, que ainda permanecem sem acesso, que chamou de \u201c\u00f3rf\u00e3os da internet\u201d.<\/p>\n\n\n\n<p>\u201cSe as pessoas est\u00e3o em casa, ansiosas com a pandemia, mas t\u00eam internet, imagine as pessoas que n\u00e3o t\u00eam [acesso]. Imagine uma vida sem estudo, sem trabalho, sem telemedicina, sem contato com os parentes\u201d, argumentou.<\/p>\n\n\n\n<p>Segundo Faria, todo o esfor\u00e7o poss\u00edvel para ampliar a atual rede de cobertura e de acesso \u00e0 internet no Brasil &#8211;&nbsp;<a href=\"https:\/\/agenciabrasil.ebc.com.br\/geral\/noticia\/2020-05\/brasil-tem-134-milhoes-de-usuarios-de-internet-aponta-pesquisa\" target=\"_blank\" rel=\"noreferrer noopener\">estima-se que o acesso esteja em 74% da popula\u00e7\u00e3o<\/a>, de acordo com o Centro Regional para o Desenvolvimento de Estudos sobre a Sociedade da Informa\u00e7\u00e3o (Cetic.br) &#8211; ser\u00e1 feito pelo governo, que busca parcerias para viabilizar e melhorar o acesso \u00e0 rede em todas as regi\u00f5es.&nbsp;<\/p>\n\n\n\n<p>O ministro revelou tamb\u00e9m que h\u00e1 uma iniciativa dentro do governo federal para ampliar e divulgar dados e n\u00fameros positivos sobre o Brasil para a m\u00eddia internacional. \u201cEstamos fazendo uma nova medida provis\u00f3ria (MP) para divulgar a verdade do que est\u00e1 acontecendo no Brasil. Temos que melhorar muito a imagem brasileira l\u00e1 fora\u201d, salientou.<\/p>\n","protected":false},"excerpt":{"rendered":"<p>Em visita \u00e0s instala\u00e7\u00f5es da&nbsp;Empresa Brasil de Comunica\u00e7\u00e3o &#8211; EBC, o ministro das Comunica\u00e7\u00f5es, F\u00e1bio Faria, falou sobre o que acredita que ser\u00e1 um dos&hellip; <\/p>\n","protected":false},"author":2,"featured_media":180259,"comment_status":"closed","ping_status":"closed","sticky":false,"template":"","format":"standard","meta":{"sfsi_plus_gutenberg_text_before_share":"","sfsi_plus_gutenberg_show_text_before_share":"","sfsi_plus_gutenberg_icon_type":"","sfsi_plus_gutenberg_icon_alignemt":"","sfsi_plus_gutenburg_max_per_row":"","footnotes":""},"categories":[2],"tags":[],"class_list":["post-180258","post","type-post","status-publish","format-standard","has-post-thumbnail","hentry","category-geral"],"_links":{"self":[{"href":"https:\/\/www.caririemacao.com\/1\/wp-json\/wp\/v2\/posts\/180258","targetHints":{"allow":["GET"]}}],"collection":[{"href":"https:\/\/www.caririemacao.com\/1\/wp-json\/wp\/v2\/posts"}],"about":[{"href":"https:\/\/www.caririemacao.com\/1\/wp-json\/wp\/v2\/types\/post"}],"author":[{"embeddable":true,"href":"https:\/\/www.caririemacao.com\/1\/wp-json\/wp\/v2\/users\/2"}],"replies":[{"embeddable":true,"href":"https:\/\/www.caririemacao.com\/1\/wp-json\/wp\/v2\/comments?post=180258"}],"version-history":[{"count":1,"href":"https:\/\/www.caririemacao.com\/1\/wp-json\/wp\/v2\/posts\/180258\/revisions"}],"predecessor-version":[{"id":180260,"href":"https:\/\/www.caririemacao.com\/1\/wp-json\/wp\/v2\/posts\/180258\/revisions\/180260"}],"wp:featuredmedia":[{"embeddable":true,"href":"https:\/\/www.caririemacao.com\/1\/wp-json\/wp\/v2\/media\/180259"}],"wp:attachment":[{"href":"https:\/\/www.caririemacao.com\/1\/wp-json\/wp\/v2\/media?parent=180258"}],"wp:term":[{"taxonomy":"category","embeddable":true,"href":"https:\/\/www.caririemacao.com\/1\/wp-json\/wp\/v2\/categories?post=180258"},{"taxonomy":"post_tag","embeddable":true,"href":"https:\/\/www.caririemacao.com\/1\/wp-json\/wp\/v2\/tags?post=180258"}],"curies":[{"name":"wp","href":"https:\/\/api.w.org\/{rel}","templated":true}]}}